{"id":36430,"date":"2023-06-14T07:57:59","date_gmt":"2023-06-14T05:57:59","guid":{"rendered":"https:\/\/pix.house\/?p=36430"},"modified":"2024-05-16T11:54:29","modified_gmt":"2024-05-16T09:54:29","slug":"talent2023_wyniki","status":"publish","type":"post","link":"https:\/\/pix.house\/en\/talent2023_wyniki\/","title":{"rendered":"Talent Roku 2023 | wyniki"},"content":{"rendered":"<div class=\"wpb-content-wrapper\"><div class=\"vc_row wpb_row section vc_row-fluid\" style=' padding-top:2px; text-align:left;'><div class=\"full_section_inner clearfix\"><div class=\"wpb_column vc_column_container vc_col-sm-12\"><div class=\"vc_column-inner\"><div class=\"wpb_wrapper\">\n\t<div class=\"wpb_text_column wpb_content_element\">\n\t\t<div class=\"wpb_wrapper\">\n\t\t\t<p>&nbsp;<\/p>\n<p>Jury w sk\u0142adzie: <strong>Julia Klewaniec<\/strong>, <strong>Anna Molter, <\/strong><strong>J\u0119drzej Nowicki<\/strong>, <strong>Krzysiek Or\u0142owski, Adrian Wykrota<\/strong> rozstrzygn\u0119\u0142o \u00f3sm\u0105 edycj\u0119 konkursu <strong>Talent Roku<\/strong>.<\/p>\n<p>Otrzymali\u015bmy ponad <strong>150 zg\u0142osze\u0144<\/strong>. Poziom Waszych projekt\u00f3w by\u0142 wysoki. Dzi\u0119kujemy za zaanga\u017cowanie! Gratulujemy wra\u017cliwego spojrzenia i wykorzystania fotografii do zapisu i analizy otaczaj\u0105cego nas \u015bwiata.<\/p>\n<h5><\/h5>\n<p><img loading=\"lazy\" decoding=\"async\" class=\"aligncenter wp-image-36432 size-full\" src=\"https:\/\/pix.house\/wp-content\/uploads\/2023\/06\/1-michal-siarek-nagroda-glowna-2.jpg\" alt=\"\" width=\"2000\" height=\"1500\" srcset=\"https:\/\/pix.house\/wp-content\/uploads\/2023\/06\/1-michal-siarek-nagroda-glowna-2.jpg 2000w, https:\/\/pix.house\/wp-content\/uploads\/2023\/06\/1-michal-siarek-nagroda-glowna-2-300x225.jpg 300w, https:\/\/pix.house\/wp-content\/uploads\/2023\/06\/1-michal-siarek-nagroda-glowna-2-800x600.jpg 800w, https:\/\/pix.house\/wp-content\/uploads\/2023\/06\/1-michal-siarek-nagroda-glowna-2-1280x960.jpg 1280w, https:\/\/pix.house\/wp-content\/uploads\/2023\/06\/1-michal-siarek-nagroda-glowna-2-768x576.jpg 768w, https:\/\/pix.house\/wp-content\/uploads\/2023\/06\/1-michal-siarek-nagroda-glowna-2-1536x1152.jpg 1536w, https:\/\/pix.house\/wp-content\/uploads\/2023\/06\/1-michal-siarek-nagroda-glowna-2-700x525.jpg 700w, https:\/\/pix.house\/wp-content\/uploads\/2023\/06\/1-michal-siarek-nagroda-glowna-2-1100x825.jpg 1100w, https:\/\/pix.house\/wp-content\/uploads\/2023\/06\/1-michal-siarek-nagroda-glowna-2-1320x990.jpg 1320w\" sizes=\"auto, (max-width: 2000px) 100vw, 2000px\" \/><\/p>\n<p style=\"text-align: right;\"><em>fot. Micha\u0142 Siarek \/ Peak of eternal light<\/em><\/p>\n<h5><strong>KATEGORIA SCHOLAR<\/strong><\/h5>\n<h6><strong>zwyci\u0119zca<\/strong><\/h6>\n<p><b>Peak of eternal light<\/b><\/p>\n<h5>Micha\u0142 Siarek<\/h5>\n<h6><em>nagroda: stypendium na doko\u0144czenie projektu \u2013 5000z\u0142<\/em><\/h6>\n<p>W 2020 roku zosta\u0142em zaproszony do wioski rybackiej Gamvik na p\u00f3\u0142wyspie Nordkinn w Norweskim hrabstwie Finnmark aby opracowac\u0301 portret spo\u0142ecznos\u0301ci dla lokalnego muzeum. Mia\u0142em zostac\u0301 fotografem-rezydentem dla 200 mieszkan\u0301c\u00f3w r\u00f3z\u0307nej narodowos\u0301ci, w miejscu kt\u00f3re rozpaczliwie stara sie\u0328 nie znikna\u0328c\u0301 z mapy.<\/p>\n<p>Miejsca jak Gamvik sta\u0328paja\u0328 juz\u0307 po cienkim lodzie, kiedy globalny rynek i zmiany klimatu sprawiaja\u0328, z\u0307e ich tradycyjne modele spo\u0142eczne staja\u0328 sie\u0328 nieadekwatne szybciej niz\u0307 zak\u0142adali. Niezdolni do konkurowania z przemys\u0142owym rybo\u0142\u00f3wstwem, zmagaja\u0328cy sie\u0328 z odp\u0142ywem m\u0142odych, mieszkan\u0301cy postanowili wykonac\u0301 zwrot w strone\u0328 ekonomii spo\u0142ecznej, w kt\u00f3rej dobrostan ludzi i przyrody, kultura wysoka i zr\u00f3wnowaz\u0307one ekologicznie rybo\u0142\u00f3wstwo maja\u0328 byc\u0301 ich szansa\u0328 na przetrwanie. Reprezentuja\u0328 siec\u0301 ma\u0142ych, ale zwartych spo\u0142ecznos\u0301ci na peryferiach, kt\u00f3re lepiej rozumieja\u0328c wzajemne zalez\u0307nos\u0301ci cz\u0142owieka i natury, staraja\u0328 sie\u0328 wyobrazic\u0301 sobie na nowo spo\u0142eczen\u0301stwo przysz\u0142os\u0301ci w kt\u00f3rym ludzie sa\u0328 waz\u0307niejsi niz\u0307 zysk.<\/p>\n<p>Rok p\u00f3\u017aniej zaproponowano mi prac\u0119 w latarni morskiej i zdecydowa\u0142em si\u0119 zosta\u0107. Dla fotografa to charakterystyczne do\u015bwiadczenie, \u017ceby opiekowa\u0107 si\u0119 symbolicznym artefaktem zwi\u0105zanym ze \u015bwiat\u0142em, w miejscu kt\u00f3re do\u015bwiadcza permanentnej jasno\u015bci i permanentnej ciemno\u015bci przez cz\u0119\u015b\u0107 roku. Opr\u00f3cz latarni nic nie rzuca cienia. Nic nie zas\u0142ania widoku g\u0142\u0119boko w morze opr\u00f3cz chmur. Nie ma \u017cadnych punkt\u00f3w odniesienia i czas stoi w miejscu.<\/p>\n<p>&nbsp;<\/p>\n<p>&nbsp;<\/p>\n\n<p>&nbsp;<\/p>\n<p>&nbsp;<\/p>\n<h6><b>wyr\u00f3\u017cnienie<\/b><\/h6>\n<p><b>Soft Spot<\/b><\/p>\n<h5><strong>Michalina Kacperak<\/strong><\/h5>\n<h6><em>nagroda: konsultacja projektu fotograficznego, zestaw wydawnictw pix.house<\/em><\/h6>\n<p>Chorujemy ca\u0142\u0105 rodzin\u0105. Nasze dzieci\u0144stwo to walka z samotno\u015bci\u0105, destabilizacj\u0105, brakiem blisko\u015bci i poczuciem winy. Dysfunkcyjny dom to miejsce pe\u0142ne sprzeczno\u015bci. Czujemy z nim siln\u0105 wi\u0119\u017a, kt\u00f3ra bole\u015bnie ogranicza w p\u00f3\u017aniejszym \u017cyciu. Kiedy go opuszczasz, wci\u0105\u017c jest w tobie. Powroty to marzenia o ucieczce. Niemo\u017cliwej, gdy jeste\u015b dzieckiem.<\/p>\n<p>\u201eSoft Spot\u201d to historia mojej rodziny. Jestem najstarsz\u0105 z czterech c\u00f3rek alkoholika \u2013 trze\u017awego od trzech lat. Moja najm\u0142odsza siostra urodzi\u0142a si\u0119, gdy mia\u0142am 16 lat. Pierwsze fotografie tego cyklu zacz\u0119\u0142am wykonywa\u0107 dwa lata temu.<\/p>\n<p>Bezpiecznym miejscem dla dziecka bywa jego wyobra\u017ania. Dla mojej siostry jej w\u0142asny pok\u00f3j to ca\u0142y \u015bwiat. Jest tam wszystko &#8211; od rado\u015bci po b\u00f3l i smutek. Dawno temu rzuci\u0142a urok na to miejsce. Nic tu nie jest fa\u0142szywe. Fantazja i zabawa s\u0142u\u017c\u0105 jako forma przetrwania, zaczarowania rzeczywisto\u015bci, dorysowania tego, czego nie ma. \u201eSoft Spot\u201d to zestaw fotografii wykonanych wy\u0142\u0105cznie w pokoju mojej najm\u0142odszej siostry.<\/p>\n<p>Wszystkie fotografie przedstawiaj\u0105 t\u0119 sam\u0105 przestrze\u0144 &#8211; dzieci\u0119cy pok\u00f3j. Istotne jest tu otoczenie &#8211; stare meble, rysunki na \u015bcianach, zu\u017cyte zabawki, kt\u00f3re tworz\u0105 naturalne \u015brodowisko dziecka. Przekszta\u0142cona sceneria jest interpretacj\u0105 rzeczywisto\u015bci, w kt\u00f3rej \u017cyje moja siostra, a tak\u017ce metaforyczn\u0105 wizualizacj\u0105 moich wspomnie\u0144 i emocji z dzieci\u0144stwa. Ta historia opowiada nie tylko o trudnych do\u015bwiadczeniach z przesz\u0142o\u015bci. To opowie\u015b\u0107 o mierzeniu si\u0119 z w\u0142asnymi l\u0119kami i s\u0142abo\u015bciami, a tak\u017ce o wybaczeniu i walce o uzdrowienie. Wykorzystuj\u0105c dzieci\u0119ce gesty doros\u0142ego, chc\u0119 opowiedzie\u0107 o braku i pr\u00f3bach jego uzupe\u0142nienia.<\/p>\n<p>&nbsp;<\/p>\n\n<p>&nbsp;<\/p>\n<h6><b>wyr\u00f3\u017cnienie<\/b><\/h6>\n<p><b>Anew<\/b><\/p>\n<h5><strong>Pawe\u0142 Starzec<\/strong><\/h5>\n<h6><em>nagroda: konsultacja projektu fotograficznego, zestaw wydawnictw pix.house<\/em><\/h6>\n<p>Anew to trwaj\u0105cy (2019-) projekt dokumentalny o Dolnym \u015al\u0105sku. \u015alady poniemieckiej historii tych teren\u00f3w zosta\u0142y ju\u017c rozpoznane w projektach dokumentalnych, jednak aktualna to\u017csamo\u015b\u0107 regionu pozostaje niedostatecznie zbadana, mimo \u017ce w mikroskali stanowi mozaik\u0119 element\u00f3w odzwierciedlaj\u0105cych aktualny krajobraz socjo-ekonomiczny Europy. Po d\u0142ugim okresie niepewno\u015bci co do powojennych los\u00f3w Dolnego \u015al\u0105ska, pierwszym wydarzeniem, kt\u00f3re unaoczni\u0142o istnienie polskiej, dolno\u015bl\u0105skiej to\u017csamo\u015bci, by\u0142a Pow\u00f3d\u017a Tysi\u0105clecia, kt\u00f3ra w 1997 r. dotkliwie zniszczy\u0142a ten region. Dopiero konieczno\u015b\u0107 ochrony \u017cycia i dobytku pozwoli\u0142a unaoczni\u0107, \u017ce po p\u00f3\u0142 wieku zaistnia\u0142 nowy spo\u0142eczno-kulturowy kszta\u0142t to\u017csamo\u015bci tych ziem.<\/p>\n<p>Rok 2022 przyni\u00f3s\u0142 wojn\u0119 tej cz\u0119\u015bci Europy, a wraz z ni\u0105 fal\u0119 migracji. Wed\u0142ug przybli\u017conych szacunk\u00f3w, obecnie 1\/4 mieszka\u0144c\u00f3w Wroc\u0142awia \u2013 stolicy Dolnego \u015al\u0105ska \u2013 to uchod\u017acy z Ukrainy. Ponownie w historii regionu jego to\u017csamo\u015b\u0107 staje si\u0119 mozaik\u0105 wymuszon\u0105 przez wojn\u0119, a asymilacja przybysz\u00f3w zmienia spo\u0142eczno-gospodarczy kszta\u0142t miasta. To wsp\u00f3\u0142czesna i zupe\u0142nie nieopowiedziana cz\u0119\u015b\u0107 historii, kt\u00f3r\u0105 chc\u0119 zbada\u0107 i udokumentowa\u0107 w 2023 roku. To\u017csamo\u015b\u0107 tego obszaru to kalejdoskop \u2013 r\u00f3\u017cne pochodzenie etniczne, rozkwit i upadek przemys\u0142u oraz jego \u015blad w przestrzeni spo\u0142ecznej i przestrzennej, inwestycje zagraniczne, blisko\u015b\u0107 granic, zawirowania polityczne, samowyzysk ekonomiczny. Fasada zosta\u0142a starannie wykonana, ale pod ni\u0105 kryje si\u0119 wiele nieopowiedzianych historii. Zbudowany g\u0142\u00f3wnie przez ludzi przyje\u017cd\u017caj\u0105cych do regionu do pracy w wielkich zak\u0142adach przemys\u0142owych, Dolny \u015al\u0105sk zamkn\u0105\u0142 wi\u0119kszo\u015b\u0107 fabryk po 1989 roku i ma obecnie najwi\u0119ksz\u0105 r\u00f3\u017cnic\u0119 we wska\u017anikach zatrudnienia \u2013 mi\u0119dzy ujemnym bezrobociem stolicy a terenami dawnego g\u00f3rnictwa w\u0119gla kamiennego. Zrozumienie problem\u00f3w Dolnego \u015al\u0105ska w mikroskali jest kluczem do zrozumienia bardziej globalnych problem\u00f3w Polski i mi\u0119dzynarodowych napi\u0119\u0107, jakie tworz\u0105 one w Unii Europejskiej.<\/p>\n<p>&nbsp;<\/p>\n<p>&nbsp;<\/p>\n\n<p>&nbsp;<\/p>\n<h6><b>wyr\u00f3\u017cnienie<\/b><\/h6>\n<p><b>The Diary House<\/b><\/p>\n<h5>Jakub Szachnowski<\/h5>\n<h6><em>nagroda: warsztaty edycyjne <\/em><\/h6>\n<p><em>Historia zaczyna si\u0119 jak zwykle kawa\u0142kami, to tu, to tam, w najr\u00f3\u017cniejszych miejscach i cia\u0142ach, kt\u00f3re przewa\u017cnie od dawna nie istniej\u0105.<\/em><\/p>\n<p>Wiosn\u0105 2021 studentka geologii podczas zbierania pr\u00f3bek wody nawi\u0105zuje przypadkowy kontakt z dw\u00f3jk\u0105 starszych braci bli\u017aniak\u00f3w, mieszka\u0144c\u00f3w dworku we wsi S\u0142owikowa. Justyna prywatnie jest kompozytork\u0105, od kilku lat prowadzi w\u0142asn\u0105 orkiestr\u0119. W trakcie rozmowy przy studni okazuje si\u0119, \u017ce dziadek Aleksandra i Jana, kt\u00f3rzy mieszkaj\u0105 w dworku by\u0142 kompozytorem. Na strychu dworku w jednej z szaf sto lat przele\u017ca\u0142y nuty i kompozycje zapomnianego ju\u017c tw\u00f3rcy, Jana Karola Fydy. Po jego \u015bmierci nigdy wi\u0119cej nie zosta\u0142y zagrane.<\/p>\n<p>Opowie\u015b\u0107 o nim jest jeszcze niepe\u0142na, a chronologia wydarze\u0144 niejasna. Rodzina zbiera histori\u0119 z fragment\u00f3w, uzupe\u0142nia j\u0105, ale te\u017c odtwarza od nowa. Pewne jest, \u017ce komponowa\u0142 dobrze, wiadomo o koncertach za granic\u0105 &#8211; przez austriack\u0105 pras\u0119 zosta\u0142 nazwany Straussem Wschodu.<br \/>\nPrzetrwa\u0142y przedwojenne afisze z koncert\u00f3w, notatki i zdj\u0119cia. Nie wszystkie da si\u0119 rozczyta\u0107, nie wszystkie s\u0105 cz\u0119\u015bci\u0105 historii. Niekt\u00f3re przedmioty-archiwa \u0142\u0105cz\u0105 si\u0119 z opowie\u015bci\u0105 o dziadku, inne pojawi\u0142y si\u0119 p\u00f3\u017aniej i nale\u017c\u0105 do kogo\u015b innego. Wype\u0142niaj\u0105 dworek, siedz\u0105 w k\u0105tach, szafach, zakamarkach, wype\u0142niaj\u0105 ca\u0142y strych. Trzymaj\u0105 w sobie histori\u0119 sk\u0142adaj\u0105c\u0105 si\u0119 z fragment\u00f3w, nieopisan\u0105 i nieopowiedzian\u0105 ani wtedy, ani dzisiaj, kt\u00f3r\u0105 Aleksander i Jan mo\u017ce w ko\u0144cu odnajd\u0105 i opowiedz\u0105. Albo i nie, bo historii rodzinnych nigdy nie da opowiedzie\u0107 si\u0119 do ko\u0144ca.<\/p>\n<p>Dwa lata p\u00f3\u017aniej, w kwietniu 2023 roku w Pa\u0142acu Jana III Sobieskiego w Wilanowie odby\u0142 si\u0119 repremierowy koncert utwor\u00f3w Jana Karola Fydy obj\u0119ty patronatem Polskiej Akademii Nauk, w wykonaniu orkiestry Justyny. Na wystawie w trakcie koncertu prezentowany by\u0142 prolog projektu fotograficznego, maj\u0105cego stanowi\u0107 wizualn\u0105 cz\u0119\u015b\u0107 tej opowie\u015bci.<\/p>\n<p>&nbsp;<\/p>\n<p>&nbsp;<\/p>\n\n<h5><\/h5>\n<h5>KATEGORIA ZINCALL<\/h5>\n<h6><strong>zwyci\u0119\u017cczyni<\/strong><\/h6>\n<p><b>wr\u00f3c\u0119 jutro<\/b><\/p>\n<h5>Magda Benda<\/h5>\n<h6><strong><em>nagroda: konsultacja projektu, projekt publikacji, wydruk publikacji (do kwoty 4000z\u0142), warsztaty edycyjne\u00a0<\/em><\/strong><\/h6>\n<p>Projekt <em>wr\u00f3c\u0119 jutro<\/em> to nostalgiczna opowie\u015b\u0107 o wkraczaniu w doros\u0142o\u015b\u0107. To czas, w kt\u00f3rym m\u0142odzi odkrywaj\u0105 swoje nowe role spo\u0142eczne &#8211; staj\u0105 si\u0119 rodzicami i pe\u0142noetatowymi pracownikami. Te nowe role definiuj\u0105 ich codzienne \u017cycie i zaczynaj\u0105 by\u0107 ogromn\u0105 cz\u0119\u015bci\u0105 ich osobowo\u015bci. Opowiedziana przeze mnie historia przedstawiona jest z kobiecej perspektywy.<\/p>\n<p>&nbsp;<\/p>\n<p>&nbsp;<\/p>\n\n<p>&nbsp;<\/p>\n<h5><\/h5>\n<h5>KATEGORIA CURATORLAB<\/h5>\n<h6><strong>zwyci\u0119\u017cczyni<\/strong><\/h6>\n<p><b>\ud835\udcc9\ud835\udcbd\ud835\udc52 \ud835\udcb7\ud835\udcc1\ud835\udcca\ud835\udc52 \ud835\udc5c\ud835\udcbb \ud835\udcc9\ud835\udcbd\ud835\udc52 \ud835\udcbb\ud835\udcb6\ud835\udcc7 \ud835\udcb9\ud835\udcbe\ud835\udcc8\ud835\udcc9\ud835\udcb6\ud835\udcc3\ud835\udcb8\ud835\udc52<\/b><\/p>\n<h5>Emilia Martin<\/h5>\n<h6><em>nagroda: zaproszenie do zorganizowania wystawy w galerii Pix.house, dofinansowanie produkcji wystawy (do 5000 z\u0142), warsztaty edycyjne\u00a0<\/em><\/h6>\n<p>Nie jestem astronomk\u0105 &#8211; z trudno\u015bci\u0105 rozpoznaj\u0119 konstelacje i zdarza mi si\u0119 pomyli\u0107 satelity z planetami. Niemniej jednak, patrzenie w gwiazdy by\u0142o dla mnie bezpieczn\u0105 ucieczk\u0105, kiedy otaczaj\u0105ca rzeczywisto\u015b\u0107 by\u0142a zbyt przyt\u0142aczaj\u0105ca, zbyt opresyjna.<\/p>\n<p>Jako dziecko dorasta\u0142am pomi\u0119dzy dwoma, skrajnie r\u00f3\u017cnymi \u015brodowiskami. M\u00f3j rodzinny region, \u015al\u0105sk, wspominam jako przestrze\u0144 wype\u0142nion\u0105 kopalniami, przemys\u0142em ci\u0119\u017ckim, twardymi zasadami o tym, jak powinno si\u0119 \u017cy\u0107, patriarchalnym podej\u015bciem. Odleg\u0142\u0105 wiosk\u0119 we wschodniej Polsce, w kt\u00f3rej \u017cy\u0142a moja babcia, miejsce, w kt\u00f3rym sp\u0119dza\u0142am ka\u017cd\u0105 woln\u0105 od szko\u0142y chwil\u0119, wspominam jako przestrze\u0144, w kt\u00f3rej odkry\u0142am w\u0142asn\u0105 kreatywno\u015b\u0107, gdzie zrozumia\u0142am, co oznacza wsp\u00f3\u0142istnienie z natur\u0105, nie wbrew niej. Po zachodzie s\u0142o\u0144ca, wraz z ukochan\u0105 babci\u0105, udawa\u0142y\u015bmy si\u0119 na kr\u00f3tkie spacery. Spogl\u0105da\u0142y\u015bmy wtedy w g\u00f3r\u0119 i naszym oczom ukazywa\u0142y si\u0119 niezliczone gwiazdy, planety, droga mleczna. Pomimo wielu lat, to wspomnienie pozostaje jednym z najcenniejszych, jakie mam.<\/p>\n<p>&nbsp;<\/p>\n\n<p>&nbsp;<\/p>\n<h6><b>wyr\u00f3\u017cnienie<\/b><\/h6>\n<p><b>Fearless Flowers<\/b><\/p>\n<h5>Marcin T. Jozefiak<\/h5>\n<h6><em>nagroda: zestaw publikacji pix.house<\/em><\/h6>\n<p>W ostatnich latach Korea Po\u0142udniowa zyska\u0142a znacz\u0105c\u0105 pozycj\u0119 na \u015bwiecie, a jej szybki rozw\u00f3j technologiczny przyci\u0105gn\u0105\u0142 wiele uwagi. Projekt \u201eFearless Flowers\u201d bada p\u0142e\u0107, seksualno\u015b\u0107 oraz to\u017csamo\u015b\u0107 w Korei Po\u0142udniowej. Projekt realizowany przez dwa lata z 23 r\u00f3\u017cnymi uczestnikami bada ich relacje z w\u0142asnym cia\u0142em i wewn\u0119trzn\u0105 walk\u0119 z wizerunkiem narzuconym przez konserwatywne spo\u0142ecze\u0144stwo, w kt\u00f3rym pewne przekonania i przestarza\u0142e standardy wp\u0142ywaj\u0105 na szybko zmieniaj\u0105cy si\u0119 nar\u00f3d.<\/p>\n\n\n\t\t<\/div> \n\t<\/div> <\/div><\/div><\/div><\/div><\/div><div     class=\"vc_row wpb_row section vc_row-fluid\" style=' text-align:left;'><div class=\"full_section_inner clearfix\"><div class=\"wpb_column vc_column_container vc_col-sm-12\"><div class=\"vc_column-inner\"><div class=\"wpb_wrapper\">\n\t<div class=\"wpb_text_column wpb_content_element\">\n\t\t<div class=\"wpb_wrapper\">\n\t\t\t<p>&nbsp;<\/p>\n<p style=\"text-align: justify;\"><b>Podzi\u0119kowania!\u00a0<\/b><\/p>\n<p style=\"text-align: justify;\">Serdecznie dzi\u0119kujemy za wszystkie zg\u0142oszenia! Gratulujemy Wam wra\u017cliwo\u015bci i fotograficznego spojrzenia na otaczaj\u0105c\u0105 nas rzeczywisto\u015b\u0107. Trzymamy za wszystkich kciuki!<\/p>\n<p>&nbsp;<\/p>\n<p>Dzi\u0119kujemy tak\u017ce cz\u0142onkom jury oraz partnerom &#8211; Zinteka, Miasto Pozna\u0144, Urz\u0105d Marsza\u0142kowski Wojew\u00f3dztwa Wielkopolskiego.<\/p>\n<p>Do zobaczenia na fotograficznym szklaku.<\/p>\n<p>&nbsp;<\/p>\n<p style=\"text-align: justify;\"><b>Organizatorzy:\u00a0<\/b><\/p>\n<p style=\"text-align: justify;\"><span style=\"font-weight: 400;\">Fundacja <strong>Pix.house\u00a0<\/strong><\/span><\/p>\n<p style=\"text-align: justify;\"><span style=\"font-weight: 400;\">koordynacja dzia\u0142a\u0144: Adrian Wykrota<br \/>\nwsparcie merytoryczne i promocyjne: Mariusz Forecki, Micha\u0142 Adamski, Katarzyna Gra\u017cewicz, Anna Molter<\/span><\/p>\n<p style=\"text-align: justify;\"><img loading=\"lazy\" decoding=\"async\" class=\"wp-image-23802 alignleft\" src=\"https:\/\/pix.house\/wp-content\/uploads\/2016\/10\/pix_logo_bez_tla-copy-e1589265930442.png\" alt=\"\" width=\"127\" height=\"154\" srcset=\"https:\/\/pix.house\/wp-content\/uploads\/2016\/10\/pix_logo_bez_tla-copy-e1589265930442.png 330w, https:\/\/pix.house\/wp-content\/uploads\/2016\/10\/pix_logo_bez_tla-copy-e1589265930442-248x300.png 248w, https:\/\/pix.house\/wp-content\/uploads\/2016\/10\/pix_logo_bez_tla-copy-e1589265930442-300x364.png 300w\" sizes=\"auto, (max-width: 127px) 100vw, 127px\" \/><\/p>\n<p>&nbsp;<\/p>\n<p>&nbsp;<\/p>\n<p>&nbsp;<\/p>\n<p>&nbsp;<\/p>\n<p>&nbsp;<\/p>\n<p>&nbsp;<\/p>\n<p style=\"text-align: justify;\"><strong>Zinteka \/ <\/strong><em><span style=\"font-weight: 400;\">Krzysiek Or\u0142owski\u00a0<\/span><\/em><\/p>\n<p style=\"text-align: justify;\"><img loading=\"lazy\" decoding=\"async\" class=\"wp-image-29748 alignleft\" src=\"https:\/\/pix.house\/wp-content\/uploads\/2019\/07\/Zinteka-png-logo-e1589219199676-1023x1280.png\" alt=\"\" width=\"150\" height=\"187\" \/><\/p>\n<p>&nbsp;<\/p>\n<p>&nbsp;<\/p>\n<p>&nbsp;<\/p>\n<p>&nbsp;<\/p>\n<p>&nbsp;<\/p>\n<p>&nbsp;<\/p>\n<p>&nbsp;<\/p>\n<p style=\"text-align: left;\"><b>Projekt realizowany dzi\u0119ki wsparciu:\u00a0<\/b><\/p>\n<p style=\"text-align: justify;\"><img loading=\"lazy\" decoding=\"async\" class=\"wp-image-26656 alignleft\" src=\"https:\/\/pix.house\/wp-content\/uploads\/2017\/09\/LOGO_POZnan_RGB_JPEG-e1589266011785.jpg\" alt=\"\" width=\"234\" height=\"118\" srcset=\"https:\/\/pix.house\/wp-content\/uploads\/2017\/09\/LOGO_POZnan_RGB_JPEG-e1589266011785.jpg 751w, https:\/\/pix.house\/wp-content\/uploads\/2017\/09\/LOGO_POZnan_RGB_JPEG-e1589266011785-300x151.jpg 300w, https:\/\/pix.house\/wp-content\/uploads\/2017\/09\/LOGO_POZnan_RGB_JPEG-e1589266011785-600x302.jpg 600w, https:\/\/pix.house\/wp-content\/uploads\/2017\/09\/LOGO_POZnan_RGB_JPEG-e1589266011785-700x352.jpg 700w\" sizes=\"auto, (max-width: 234px) 100vw, 234px\" \/><\/p>\n<p>&nbsp;<\/p>\n<p><img loading=\"lazy\" decoding=\"async\" class=\"alignnone wp-image-36511\" src=\"https:\/\/pix.house\/wp-content\/uploads\/2023\/06\/logo_herb_poziom_sww_kolor_1-1280x214.png\" alt=\"\" width=\"310\" height=\"52\" \/><\/p>\n<p>&nbsp;<\/p>\n<p>&nbsp;<\/p>\n<p>&nbsp;<\/p>\n<p>&nbsp;<\/p>\n<p>&nbsp;<\/p>\n<p style=\"text-align: left;\">PIX.HOUSE &#8211; razem tworzymy miejsce dla fotografii!<\/p>\n\n\t\t<\/div> \n\t<\/div> <\/div><\/div><\/div><\/div><\/div>\n<\/div>","protected":false},"excerpt":{"rendered":"&nbsp; Jury w sk\u0142adzie: Julia Klewaniec, Anna Molter, J\u0119drzej Nowicki, Krzysiek Or\u0142owski, Adrian Wykrota rozstrzygn\u0119\u0142o \u00f3sm\u0105 edycj\u0119 konkursu Talent Roku. Otrzymali\u015bmy ponad 150 zg\u0142osze\u0144. Poziom Waszych projekt\u00f3w by\u0142 wysoki. Dzi\u0119kujemy za zaanga\u017cowanie! Gratulujemy wra\u017cliwego spojrzenia i wykorzystania fotografii do zapisu i analizy otaczaj\u0105cego nas \u015bwiata....","protected":false},"author":11,"featured_media":36431,"comment_status":"open","ping_status":"open","sticky":false,"template":"","format":"standard","meta":{"_monsterinsights_skip_tracking":false,"_monsterinsights_sitenote_active":false,"_monsterinsights_sitenote_note":"","_monsterinsights_sitenote_category":0,"footnotes":""},"categories":[59],"tags":[],"class_list":["post-36430","post","type-post","status-publish","format-standard","has-post-thumbnail","hentry","category-co-z-ta-fotografia"],"_links":{"self":[{"href":"https:\/\/pix.house\/en\/wp-json\/wp\/v2\/posts\/36430","targetHints":{"allow":["GET"]}}],"collection":[{"href":"https:\/\/pix.house\/en\/wp-json\/wp\/v2\/posts"}],"about":[{"href":"https:\/\/pix.house\/en\/wp-json\/wp\/v2\/types\/post"}],"author":[{"embeddable":true,"href":"https:\/\/pix.house\/en\/wp-json\/wp\/v2\/users\/11"}],"replies":[{"embeddable":true,"href":"https:\/\/pix.house\/en\/wp-json\/wp\/v2\/comments?post=36430"}],"version-history":[{"count":31,"href":"https:\/\/pix.house\/en\/wp-json\/wp\/v2\/posts\/36430\/revisions"}],"predecessor-version":[{"id":37916,"href":"https:\/\/pix.house\/en\/wp-json\/wp\/v2\/posts\/36430\/revisions\/37916"}],"wp:featuredmedia":[{"embeddable":true,"href":"https:\/\/pix.house\/en\/wp-json\/wp\/v2\/media\/36431"}],"wp:attachment":[{"href":"https:\/\/pix.house\/en\/wp-json\/wp\/v2\/media?parent=36430"}],"wp:term":[{"taxonomy":"category","embeddable":true,"href":"https:\/\/pix.house\/en\/wp-json\/wp\/v2\/categories?post=36430"},{"taxonomy":"post_tag","embeddable":true,"href":"https:\/\/pix.house\/en\/wp-json\/wp\/v2\/tags?post=36430"}],"curies":[{"name":"wp","href":"https:\/\/api.w.org\/{rel}","templated":true}]}}