{"id":36787,"date":"2023-10-02T19:51:30","date_gmt":"2023-10-02T17:51:30","guid":{"rendered":"https:\/\/pix.house\/?p=36787"},"modified":"2023-10-02T19:51:30","modified_gmt":"2023-10-02T17:51:30","slug":"ciemno","status":"publish","type":"post","link":"https:\/\/pix.house\/en\/ciemno\/","title":{"rendered":"CIEMNO W DZIE\u0143 CIEMNO W NOCY | Micha\u0142 Adamski"},"content":{"rendered":"<p><b>Miejsce<\/b><span style=\"font-weight: 400;\">: Galeria Pix.House ul. G\u0142ogowska 35a Pozna\u0144<\/span><\/p>\n<p><b>Termin: <\/b><span style=\"font-weight: 400;\">12.10 &#8211; 10.11.2023<\/span><\/p>\n<p><b>Otwarcie wystawy i premiera zina<\/b><span style=\"font-weight: 400;\">: 12.10.2023 | 16:00 &#8211; 20.00 | czwartek<\/span><\/p>\n<p><b>Oprowadzanie autorskie: <\/b><span style=\"font-weight: 400;\">12.10.2023 | 18.00\u00a0<\/span><\/p>\n<p>&nbsp;<\/p>\n<p><span style=\"font-weight: 400;\">Wystawa czynna we <\/span><b>wtorki i czwartki<\/b><span style=\"font-weight: 400;\"> od godz. <\/span><b>17:00 <\/b><span style=\"font-weight: 400;\">do<\/span><b> 20:00 <\/b><span style=\"font-weight: 400;\"><br \/>\n<\/span><span style=\"font-weight: 400;\">Wej\u015bcie przez ksi\u0119garni\u0119 Pix.house.<\/span><\/p>\n<p>&nbsp;<\/p>\n<p><img loading=\"lazy\" decoding=\"async\" class=\"alignnone wp-image-36780 size-full\" src=\"https:\/\/pix.house\/wp-content\/uploads\/2023\/10\/1920x1080.jpg\" alt=\"\" width=\"1920\" height=\"1080\" srcset=\"https:\/\/pix.house\/wp-content\/uploads\/2023\/10\/1920x1080.jpg 1920w, https:\/\/pix.house\/wp-content\/uploads\/2023\/10\/1920x1080-300x169.jpg 300w, https:\/\/pix.house\/wp-content\/uploads\/2023\/10\/1920x1080-1280x720.jpg 1280w, https:\/\/pix.house\/wp-content\/uploads\/2023\/10\/1920x1080-768x432.jpg 768w, https:\/\/pix.house\/wp-content\/uploads\/2023\/10\/1920x1080-1536x864.jpg 1536w, https:\/\/pix.house\/wp-content\/uploads\/2023\/10\/1920x1080-700x394.jpg 700w, https:\/\/pix.house\/wp-content\/uploads\/2023\/10\/1920x1080-1100x619.jpg 1100w, https:\/\/pix.house\/wp-content\/uploads\/2023\/10\/1920x1080-1320x743.jpg 1320w, https:\/\/pix.house\/wp-content\/uploads\/2023\/10\/1920x1080-800x450.jpg 800w\" sizes=\"auto, (max-width: 1920px) 100vw, 1920px\" \/><\/p>\n<p>&nbsp;<\/p>\n<p><span style=\"font-weight: 400;\">Wystawa \u201cCiemno w dzie\u0144 Ciemno w nocy\u201d jest kolejnym rozdzia\u0142em stanowi\u0105cym rozwa\u017cania nad poj\u0119ciem wolno\u015bci w spo\u0142ecze\u0144stwie polskim. W samym \u015brodku kampanii wyborczej Micha\u0142 Adamski przygl\u0105da si\u0119\u00a0relacji wyborc\u00f3w z politykami, kt\u00f3rzy niczym superbohaterowie staj\u0105 na czele swoich plemion by wie\u015b\u0107 ich do zwyci\u0119stwa: uwodz\u0105, namawiaj\u0105, strasz\u0105, manipuluj\u0105. Czy uwierzymy w show jaki nam dostarczaj\u0105, a kt\u00f3rego jeste\u015bmy cz\u0119\u015bci\u0105? A mo\u017ce musimy im wierzy\u0107?\u00a0<\/span><\/p>\n<p>&nbsp;<\/p>\n<p><span style=\"font-weight: 400;\">Wolno\u015b\u0107 i bezpiecze\u0144stwo s\u0105 dwoma niezmiernie istotnymi aspektami ludzkiego \u017cycia, kt\u00f3rych r\u00f3wnowaga jest kluczowa dla stabilnego spo\u0142ecze\u0144stwa. Profesor Zygmunt Bauman twierdzi\u0142, \u017ce wolno\u015b\u0107 bez bezpiecze\u0144stwa to chaos, a bezpiecze\u0144stwo bez wolno\u015bci to niewola. Wraz z odej\u015bciem od systemu totalitarnego stajemy przed fundamentalnym pytaniem: czym tak naprawd\u0119 jest dla nas wolno\u015b\u0107? R\u00f3\u017cne koncepcje wolno\u015bci, takie jak osobista swoboda, mo\u017cliwo\u015b\u0107 wyboru, praktykowanie wyznania, prawa jednostki oraz prawa mniejszo\u015bci stanowi\u0105 kluczowe elementy naszej dyskusji. Niemniej jednak r\u00f3\u017cnice i konflikty w zrozumieniu wolno\u015bci, jej zakresu i ogranicze\u0144, staj\u0105 si\u0119 \u017ar\u00f3d\u0142em trwaj\u0105cej od lat wojny polsko-polskiej. Od ponad dekady konflikt ten, wspierany przez r\u00f3\u017cne czynniki, narasta. Rz\u0105dz\u0105cy, ko\u015bci\u00f3\u0142, kryzysy ekonomiczne, zmiany klimatyczne, pandemia, media spo\u0142eczno\u015bciowe oraz wojna w Ukrainie &#8211; wszystkie te elementy przyczyniaj\u0105 si\u0119 do nasilania napi\u0119\u0107 spo\u0142ecznych i politycznych w Polsce.<\/span><\/p>\n<p><img loading=\"lazy\" decoding=\"async\" class=\"aligncenter wp-image-36603 size-full\" src=\"https:\/\/pix.house\/wp-content\/uploads\/2023\/08\/Adamski_centerfold_003.jpg\" alt=\"\" width=\"2000\" height=\"1333\" srcset=\"https:\/\/pix.house\/wp-content\/uploads\/2023\/08\/Adamski_centerfold_003.jpg 2000w, https:\/\/pix.house\/wp-content\/uploads\/2023\/08\/Adamski_centerfold_003-800x533.jpg 800w, https:\/\/pix.house\/wp-content\/uploads\/2023\/08\/Adamski_centerfold_003-300x200.jpg 300w, https:\/\/pix.house\/wp-content\/uploads\/2023\/08\/Adamski_centerfold_003-1280x853.jpg 1280w, https:\/\/pix.house\/wp-content\/uploads\/2023\/08\/Adamski_centerfold_003-768x512.jpg 768w, https:\/\/pix.house\/wp-content\/uploads\/2023\/08\/Adamski_centerfold_003-1536x1024.jpg 1536w, https:\/\/pix.house\/wp-content\/uploads\/2023\/08\/Adamski_centerfold_003-700x467.jpg 700w, https:\/\/pix.house\/wp-content\/uploads\/2023\/08\/Adamski_centerfold_003-1100x733.jpg 1100w, https:\/\/pix.house\/wp-content\/uploads\/2023\/08\/Adamski_centerfold_003-1320x880.jpg 1320w\" sizes=\"auto, (max-width: 2000px) 100vw, 2000px\" \/><\/p>\n<p>&nbsp;<\/p>\n<p><span style=\"font-weight: 400;\">Zin &#8222;Ciemno w dzie\u0144, ciemno w nocy&#8221; stanowi autorsk\u0105 refleksj\u0119 i odnosi si\u0119 do obecnej sytuacji spo\u0142eczno-politycznej w Polsce. Jest pr\u00f3b\u0105 wyra\u017cenia osobistego komentarza do skomplikowanej rzeczywisto\u015bci, kt\u00f3ra powoduje w spo\u0142ecze\u0144stwie ogromne podzielenie i jest dla nas \u017ar\u00f3d\u0142em ci\u0105g\u0142ego niepokoju.<\/span><\/p>\n<p>&nbsp;<\/p>\n<p><span style=\"font-weight: 400;\">fotografie i edycja zdj\u0119\u0107: Micha\u0142 Adamski<\/span><\/p>\n<p><span style=\"font-weight: 400;\">projekt publikacji: dobosz.studio<\/span><\/p>\n<p><span style=\"font-weight: 400;\">t\u0142umaczenie: Konrad Baranowski<\/span><\/p>\n<p><span style=\"font-weight: 400;\">przygotowanie: Dariusz Nowak<\/span><\/p>\n<p><span style=\"font-weight: 400;\">wydawca: X.PRINT \u2013 FUNDACJA PIX.HOUSE \/ WWW.PIX.HOUSE<\/span><\/p>\n<p><span style=\"font-weight: 400;\">ilo\u015b\u0107 stron: 72<\/span><\/p>\n<p>&nbsp;<\/p>\n\n<p>&nbsp;<\/p>\n<p><b>Micha\u0142 Adamski<\/b><span style=\"font-weight: 400;\"> \u2013 fotograf dokumentalista. G\u0142\u00f3wnie zajmuje si\u0119 realizacj\u0105 d\u0142ugoterminowych projekt\u00f3w dokumentalnych. W swojej fotografii porusza tematy spo\u0142eczne, w kt\u00f3rych wa\u017cny jest cz\u0142owiek i jego \u017cycie we wsp\u00f3\u0142czesnym \u015bwiecie. Wsp\u00f3\u0142tworzy Fundacj\u0119 i Galeri\u0119 Pix.House. Studiowa\u0142 w Instytucie Tw\u00f3rczej Fotografii w Opawie. Jest cz\u0142onkiem kolektywu Archiwum Protest\u00f3w Publicznych. Stypendysta Ministra Kultury i Dziedzictwa Narodowego w 2017 r. oraz Marsza\u0142ka Wojew\u00f3dztwa Wielkopolskiego w 2015 r.. Autor ksi\u0105\u017cek fotograficznych \u201cNie mog\u0119 przebrn\u0105\u0107 przez chaos\u201d, \u201cTwo tailed dog\u201d i \u201cCiemno w dzie\u0144 ciemno w nocy\u201d. Jego prace wystawiane by\u0142y w wielu miejscach w Polsce oraz w USA, Portugalii, Niemczech, Francji i Litwie.<\/span><\/p>","protected":false},"excerpt":{"rendered":"<p>Miejsce: Galeria Pix.House ul. G\u0142ogowska 35a Pozna\u0144 Termin: 12.10 &#8211; 10.11.2023 Otwarcie wystawy i premiera zina: 12.10.2023 | 16:00 &#8211; 20.00 | czwartek Oprowadzanie autorskie: 12.10.2023 | 18.00\u00a0 &nbsp; Wystawa czynna we wtorki i czwartki od godz. 17:00 do 20:00 Wej\u015bcie przez ksi\u0119garni\u0119 Pix.house. &nbsp;&#8230;<\/p>","protected":false},"author":11,"featured_media":36781,"comment_status":"open","ping_status":"open","sticky":false,"template":"","format":"standard","meta":{"_monsterinsights_skip_tracking":false,"_monsterinsights_sitenote_active":false,"_monsterinsights_sitenote_note":"","_monsterinsights_sitenote_category":0,"footnotes":""},"categories":[47],"tags":[],"class_list":["post-36787","post","type-post","status-publish","format-standard","has-post-thumbnail","hentry","category-wystawy"],"_links":{"self":[{"href":"https:\/\/pix.house\/en\/wp-json\/wp\/v2\/posts\/36787","targetHints":{"allow":["GET"]}}],"collection":[{"href":"https:\/\/pix.house\/en\/wp-json\/wp\/v2\/posts"}],"about":[{"href":"https:\/\/pix.house\/en\/wp-json\/wp\/v2\/types\/post"}],"author":[{"embeddable":true,"href":"https:\/\/pix.house\/en\/wp-json\/wp\/v2\/users\/11"}],"replies":[{"embeddable":true,"href":"https:\/\/pix.house\/en\/wp-json\/wp\/v2\/comments?post=36787"}],"version-history":[{"count":3,"href":"https:\/\/pix.house\/en\/wp-json\/wp\/v2\/posts\/36787\/revisions"}],"predecessor-version":[{"id":36790,"href":"https:\/\/pix.house\/en\/wp-json\/wp\/v2\/posts\/36787\/revisions\/36790"}],"wp:featuredmedia":[{"embeddable":true,"href":"https:\/\/pix.house\/en\/wp-json\/wp\/v2\/media\/36781"}],"wp:attachment":[{"href":"https:\/\/pix.house\/en\/wp-json\/wp\/v2\/media?parent=36787"}],"wp:term":[{"taxonomy":"category","embeddable":true,"href":"https:\/\/pix.house\/en\/wp-json\/wp\/v2\/categories?post=36787"},{"taxonomy":"post_tag","embeddable":true,"href":"https:\/\/pix.house\/en\/wp-json\/wp\/v2\/tags?post=36787"}],"curies":[{"name":"wp","href":"https:\/\/api.w.org\/{rel}","templated":true}]}}