{"id":36953,"date":"2023-12-02T14:37:00","date_gmt":"2023-12-02T13:37:00","guid":{"rendered":"https:\/\/pix.house\/?p=36953"},"modified":"2023-12-05T10:39:15","modified_gmt":"2023-12-05T09:39:15","slug":"premiery2023","status":"publish","type":"post","link":"https:\/\/pix.house\/en\/premiery2023\/","title":{"rendered":"Premiery publikacji Pix.house 2023"},"content":{"rendered":"<div class=\"wpb-content-wrapper\"><div     class=\"vc_row wpb_row section vc_row-fluid\" style=' padding-top:2px; text-align:left;'><div class=\"full_section_inner clearfix\"><div class=\"wpb_column vc_column_container vc_col-sm-12\"><div class=\"vc_column-inner\"><div class=\"wpb_wrapper\">\n\t<div class=\"wpb_text_column wpb_content_element\">\n\t\t<div class=\"wpb_wrapper\">\n\t\t\t<p>&nbsp;<\/p>\n<p><span style=\"font-weight: 400;\">Serdecznie zapraszamy na premiery dw\u00f3ch nowych publikacji Pix.house. Po spotkaniach odb\u0119dzie si\u0119 kiermasz wydawnictw fotograficznych.\u00a0<\/span><\/p>\n<p>&nbsp;<\/p>\n<p><b>miejsce:<\/b><span style=\"font-weight: 400;\"> Galeria Pix.House ul. G\u0142ogowska 35a Pozna\u0144<\/span><\/p>\n<p><b>termin:<\/b><span style=\"font-weight: 400;\"> 09.12 (sobota) | 15:00<\/span><\/p>\n<p>&nbsp;<\/p>\n<p><img loading=\"lazy\" decoding=\"async\" class=\"aligncenter wp-image-36955 size-full\" src=\"https:\/\/pix.house\/wp-content\/uploads\/2023\/12\/grafika-na-sociale-premiery3.jpg\" alt=\"\" width=\"1417\" height=\"803\" srcset=\"https:\/\/pix.house\/wp-content\/uploads\/2023\/12\/grafika-na-sociale-premiery3.jpg 1417w, https:\/\/pix.house\/wp-content\/uploads\/2023\/12\/grafika-na-sociale-premiery3-300x170.jpg 300w, https:\/\/pix.house\/wp-content\/uploads\/2023\/12\/grafika-na-sociale-premiery3-1280x725.jpg 1280w, https:\/\/pix.house\/wp-content\/uploads\/2023\/12\/grafika-na-sociale-premiery3-768x435.jpg 768w, https:\/\/pix.house\/wp-content\/uploads\/2023\/12\/grafika-na-sociale-premiery3-700x397.jpg 700w, https:\/\/pix.house\/wp-content\/uploads\/2023\/12\/grafika-na-sociale-premiery3-1100x623.jpg 1100w, https:\/\/pix.house\/wp-content\/uploads\/2023\/12\/grafika-na-sociale-premiery3-1320x748.jpg 1320w, https:\/\/pix.house\/wp-content\/uploads\/2023\/12\/grafika-na-sociale-premiery3-800x453.jpg 800w\" sizes=\"auto, (max-width: 1417px) 100vw, 1417px\" \/><\/p>\n<p>&nbsp;<\/p>\n<h4><strong>M\u00f3j Fyrtel \/ Moja przestrze\u0144 2023 | publikacja po warsztatach fotografii dokumentalnej<\/strong><\/h4>\n<p><em>prezentacja projekt\u00f3w uczestniczek i uczestnik\u00f3w warsztat\u00f3w<\/em><\/p>\n<p>&nbsp;<\/p>\n<p style=\"text-align: left;\"><strong>Osoby uczestnicz\u0105ce w warsztatach:<\/strong> Konrad Bryczek, Wojciech Chrubasik, Marta Ejsmont, Olek Knitter, Aleksandra Kossowska, Dominik Ksi\u0119\u017cyk, Sara Majcher-Wojciechowska, Aleksandra Mr\u00f3wczy\u0144ska, Dagmara Nikiel, Agnieszka Nowacka-Witczak, Kalina Szajbe, Amadeusz \u015awierk, Andrzej Trawi\u0144ski, Agnieszka Wanat, \u0141ukasz Zgrzebski<\/p>\n<p style=\"text-align: left;\">Czy w dobie sztucznej inteligencji, zalewu informacji i przesytu obraz\u00f3w warto dokumentowa\u0107? Po co i jak to robi\u0107, by chocia\u017c na chwil\u0119 zdoby\u0107 dar najcenniejszy \u2014 uwag\u0119 odbiorc\u00f3w. Czy aparat i szerzej fotografia lub sztuki wizualne s\u0105 dobrym narz\u0119dziem do opowiadania historii?<br \/>\nZa nami i niestety przed nami niezwykle trudny czas. Pandemia, wojny, napi\u0119cia polityczne, wszechobecny populizm i narastaj\u0105cy kryzys klimatyczny. To z jednej strony niepewno\u015b\u0107, l\u0119k i strach, z drugiej jednak czas na refleksj\u0119, reakcj\u0119 i pr\u00f3b\u0119 zapisu \u2014 by zrozumie\u0107 i podzieli\u0107 si\u0119 swoj\u0105 opowie\u015bci\u0105 z innymi. Wag\u0119 naszej pracy odkryjemy jednak po czasie. Dokument nie przynosi ekspresowych rezultat\u00f3w i natychmiastowych zmian. To jego utrapienie i jednocze\u015bnie wielka zaleta \u2014 po czasie widzimy wi\u0119cej i dzi\u0119ki temu lepiej rozumiemy.<\/p>\n<p style=\"text-align: left;\">Warsztaty organizowane przez Fundacj\u0119 Pix.house odbywaj\u0105 si\u0119 nieprzerwanie od dziewi\u0119ciu lat. Ponad setka wspania\u0142ych, wra\u017cliwych os\u00f3b podzieli\u0142a si\u0119 z nami swoimi dokumentalnymi opowie\u015bciami. Niewa\u017cna by\u0142a technika, sprz\u0119t i spektakularna efektywno\u015bci. Starali\u015bmy si\u0119 uwa\u017cnie patrze\u0107, czu\u0107, dowiedzie\u0107 si\u0119 i otworzy\u0107 oczy, dopiero potem zobaczy\u0107 i za pomoc\u0105 aparatu zapisa\u0107.<\/p>\n<p style=\"text-align: left;\">Tegoroczne opowie\u015bci uczestniczek i uczestnik\u00f3w warsztat\u00f3w s\u0105 wyj\u0105tkowe. Po raz kolejny skupiamy si\u0119 wok\u00f3\u0142 has\u0142a fyrtel \u2014 czyli naszej najbli\u017cszej przestrzeni. Interpretacje tego (mog\u0142oby wydawa\u0107 si\u0119 prostego tematu) zaskakuj\u0105 i ewoluuj\u0105. W publikacji znajdziemy historie personalne, czyli zapis najbli\u017cszego otoczenia, w\u0142asnych prze\u017cy\u0107 i wykorzystanie fotografii jako narz\u0119dzia do radzenia sobie z coraz trudniejsz\u0105 rzeczywisto\u015bci\u0105. Mamy tak\u017ce opowie\u015bci uniwersalne, kt\u00f3re maj\u0105 potencja\u0142 dotarcia do szerokiego grona odbiorc\u00f3w. Wa\u017cny w tym wszystkim jest nieskr\u0119powany przekaz, pluralizm patrzenia i wra\u017cliwo\u015b\u0107 postrzegania. Tego z uporem maniaka si\u0119 trzymamy i trzyma\u0107 b\u0119dziemy.<\/p>\n<p style=\"text-align: right;\">Adrian Wykrota<\/p>\n<p><strong>Prowadz\u0105cy warsztaty:<\/strong> Micha\u0142 Adamski, Mariusz Forecki, Adrian Wykrota<br \/>\n<strong>Projekt i edycja publikacji:<\/strong> Krzysiek Or\u0142owski<br \/>\n<strong>Koordynacja dzia\u0142a\u0144:<\/strong> Anna Molter, Adrian Wykrota<\/p>\n<p>&nbsp;<\/p>\n<p><img loading=\"lazy\" decoding=\"async\" class=\"aligncenter wp-image-36970 size-full\" src=\"https:\/\/pix.house\/wp-content\/uploads\/2023\/12\/grafika-na-sociale-premiery2-1.jpg\" alt=\"\" width=\"1417\" height=\"803\" srcset=\"https:\/\/pix.house\/wp-content\/uploads\/2023\/12\/grafika-na-sociale-premiery2-1.jpg 1417w, https:\/\/pix.house\/wp-content\/uploads\/2023\/12\/grafika-na-sociale-premiery2-1-300x170.jpg 300w, https:\/\/pix.house\/wp-content\/uploads\/2023\/12\/grafika-na-sociale-premiery2-1-1280x725.jpg 1280w, https:\/\/pix.house\/wp-content\/uploads\/2023\/12\/grafika-na-sociale-premiery2-1-768x435.jpg 768w, https:\/\/pix.house\/wp-content\/uploads\/2023\/12\/grafika-na-sociale-premiery2-1-700x397.jpg 700w, https:\/\/pix.house\/wp-content\/uploads\/2023\/12\/grafika-na-sociale-premiery2-1-1100x623.jpg 1100w, https:\/\/pix.house\/wp-content\/uploads\/2023\/12\/grafika-na-sociale-premiery2-1-1320x748.jpg 1320w, https:\/\/pix.house\/wp-content\/uploads\/2023\/12\/grafika-na-sociale-premiery2-1-800x453.jpg 800w\" sizes=\"auto, (max-width: 1417px) 100vw, 1417px\" \/><\/p>\n<h4><\/h4>\n<h4><strong>Wr\u00f3c\u0119 jutro \/ I\u2019ll be back tomorrow | Magda Benda<\/strong><\/h4>\n<p><em>zwyci\u0119\u017cczyni konkursu Talent Roku 2023 w kategorii ZinCall<\/em><\/p>\n<p>&nbsp;<\/p>\n<p style=\"text-align: left;\">Wr\u00f3ci\u0142am do domu po kilku latach nieobecno\u015bci. Zacz\u0119\u0142am spotyka\u0107 si\u0119 i obserwowa\u0107 dziewczyny, z kt\u00f3rymi dorasta\u0142am i wychowywa\u0142am si\u0119 jako dziecko. Kiedy zaczyna\u0142am projekt w 2019 roku, Racib\u00f3rz by\u0142 miastem aglomeracji \u015bl\u0105skiej, kt\u00f3re przodowa\u0142o w niechlubnych statystykach \u2014 wiele os\u00f3b w wieku 18-26 lat wyprowadza\u0142o si\u0119 do wi\u0119kszych miejscowo\u015bci lub za granic\u0119, by kontynuowa\u0107 edukacj\u0119 i znale\u017a\u0107 prac\u0119.<\/p>\n<p style=\"text-align: left;\">Wr\u00f3c\u0119 jutro, to opowie\u015b\u0107 o moich kole\u017cankach z dzieci\u0144stwa, kt\u00f3re wbrew wi\u0119kszo\u015bci postanowi\u0142y zosta\u0107 i budowa\u0107 swoje \u017cycie w naszym rodzinnym mie\u015bcie. Mie\u015bcie, z kt\u00f3rego prawie ka\u017cda m\u0142oda osoba decyduje si\u0119 wyjecha\u0107 zaraz po liceum.<br \/>\nProjekt jest nostalgiczn\u0105 opowie\u015bci\u0105 o szczeg\u00f3lnym czasie tu\u017c po osi\u0105gni\u0119ciu pe\u0142noletno\u015bci. To czas, w kt\u00f3rym m\u0142odzi doro\u015bli zaczynaj\u0105 nowe role spo\u0142eczne, staj\u0105 si\u0119 rodzicami i pe\u0142noetatowymi pracownikami. Te nowe role definiuj\u0105 ich codzienne \u017cycie i kszta\u0142tuj\u0105 nowe \u201eja&#8221;.<\/p>\n<p style=\"text-align: left;\">Zale\u017ca\u0142o mi na kobiecej perspektywie. Przygl\u0105dam si\u0119 m\u0142odym Polkom, kt\u00f3re zostaj\u0105 matkami. Ich romantycznym relacjom lub ich brakiem. Zwracam uwag\u0119, jakie zmiany zachodz\u0105 w ciele m\u0142odych kobiet. Chodzi mi np. o ich samoekspresj\u0119, w tym wizualne zmiany wygl\u0105du takie jak tatua\u017ce, operacje plastyczne czy kolczyki.<\/p>\n<p style=\"text-align: left;\">Moim bohaterkom towarzyszy\u0142am w ich \u201enajwa\u017cniejszych\u201d momentach takich jak por\u00f3d. By\u0142am z nimi tak\u017ce podczas klasycznych polskich ceremonii takich jak: chrzest, \u015blub czy urodziny. Nie chc\u0119 jednak wyolbrzymia\u0107 znaczenia tych wydarze\u0144 \u2014 t\u0119 sam\u0105 wag\u0119 przyk\u0142adam codziennej rutynie. Moj\u0105 obecno\u015bci\u0105 staj\u0119 si\u0119 cz\u0119\u015bci\u0105 ich codzienno\u015bci. Jestem zaproszonym go\u015bciem \u2014 nie tylko obserwatorem.<br \/>\nW gruncie rzeczy chc\u0119 pokaza\u0107, \u017ce nie ma jednego punktu widzenia, a idea szcz\u0119\u015bcia zale\u017cy tylko od indywidualnych potrzeb. To opowie\u015b\u0107 o ludziach, kt\u00f3rych ceni\u0119 \u2014 niezale\u017cnie od wybor\u00f3w \u017cyciowych.<\/p>\n<p style=\"text-align: right;\">Magda Benda<\/p>\n<p><strong>Informacje techniczne o publikacji:<\/strong><\/p>\n<p>Fotografie: Magda Benda<br \/>\nTekst g\u0142\u00f3wny:Magda Benda<br \/>\nTekst na stronie:Zuzanna Pop\u0142awska<br \/>\nEdycja fotografii i projekt publikacji; Krzysiek Or\u0142owski<br \/>\nT\u0142umaczenie: Sophia Kalinowska-Werter<br \/>\nRedakcja i opieka merytoryczna: Adrian Wykrota<br \/>\nNak\u0142ad podstawowy: 100 egzemplarzy<br \/>\nNak\u0142ad autorski: 100 copies<br \/>\nWydawca \/ Publisher: Fundacja Pix.house \/ Zinteka<\/p>\n<p>&nbsp;<\/p>\n<p>Publikacje powsta\u0142y w ramach projektu: \u201ePIX.LAB &#8211; edukacyjne laboratorium fotografii\u201d.<br \/>\nKoordynatorka projektu: Anna Molter<\/p>\n<p>Wsp\u00f3\u0142finansowanie: Miasto Pozna\u0144, Urz\u0105d Marsza\u0142kowski Wojew\u00f3dztwa Wielkopolskiego<\/p>\n<p style=\"text-align: justify;\"><img loading=\"lazy\" decoding=\"async\" class=\"wp-image-26656 alignleft\" src=\"https:\/\/pix.house\/wp-content\/uploads\/2017\/09\/LOGO_POZnan_RGB_JPEG-e1589266011785.jpg\" alt=\"\" width=\"234\" height=\"118\" srcset=\"https:\/\/pix.house\/wp-content\/uploads\/2017\/09\/LOGO_POZnan_RGB_JPEG-e1589266011785.jpg 751w, https:\/\/pix.house\/wp-content\/uploads\/2017\/09\/LOGO_POZnan_RGB_JPEG-e1589266011785-300x151.jpg 300w, https:\/\/pix.house\/wp-content\/uploads\/2017\/09\/LOGO_POZnan_RGB_JPEG-e1589266011785-600x302.jpg 600w, https:\/\/pix.house\/wp-content\/uploads\/2017\/09\/LOGO_POZnan_RGB_JPEG-e1589266011785-700x352.jpg 700w\" sizes=\"auto, (max-width: 234px) 100vw, 234px\" \/><\/p>\n<p>&nbsp;<\/p>\n<p><img loading=\"lazy\" decoding=\"async\" class=\"alignnone wp-image-36511\" src=\"https:\/\/pix.house\/wp-content\/uploads\/2023\/06\/logo_herb_poziom_sww_kolor_1-1280x214.png\" alt=\"\" width=\"310\" height=\"52\" \/><\/p>\n<p>&nbsp;<\/p>\n<p style=\"text-align: left;\">PIX.HOUSE &#8211; razem tworzymy miejsce dla fotografii!<\/p>\n\n\t\t<\/div> \n\t<\/div> <\/div><\/div><\/div><\/div><\/div>\n<\/div>","protected":false},"excerpt":{"rendered":"&nbsp; Serdecznie zapraszamy na premiery dw\u00f3ch nowych publikacji Pix.house. Po spotkaniach odb\u0119dzie si\u0119 kiermasz wydawnictw fotograficznych.\u00a0 &nbsp; miejsce: Galeria Pix.House ul. G\u0142ogowska 35a Pozna\u0144 termin: 09.12 (sobota) | 15:00 &nbsp; &nbsp; M\u00f3j Fyrtel \/ Moja przestrze\u0144 2023 | publikacja po warsztatach fotografii dokumentalnej prezentacja projekt\u00f3w...","protected":false},"author":11,"featured_media":36956,"comment_status":"open","ping_status":"open","sticky":false,"template":"","format":"standard","meta":{"_monsterinsights_skip_tracking":false,"_monsterinsights_sitenote_active":false,"_monsterinsights_sitenote_note":"","_monsterinsights_sitenote_category":0,"footnotes":""},"categories":[59],"tags":[],"class_list":["post-36953","post","type-post","status-publish","format-standard","has-post-thumbnail","hentry","category-co-z-ta-fotografia"],"_links":{"self":[{"href":"https:\/\/pix.house\/en\/wp-json\/wp\/v2\/posts\/36953","targetHints":{"allow":["GET"]}}],"collection":[{"href":"https:\/\/pix.house\/en\/wp-json\/wp\/v2\/posts"}],"about":[{"href":"https:\/\/pix.house\/en\/wp-json\/wp\/v2\/types\/post"}],"author":[{"embeddable":true,"href":"https:\/\/pix.house\/en\/wp-json\/wp\/v2\/users\/11"}],"replies":[{"embeddable":true,"href":"https:\/\/pix.house\/en\/wp-json\/wp\/v2\/comments?post=36953"}],"version-history":[{"count":10,"href":"https:\/\/pix.house\/en\/wp-json\/wp\/v2\/posts\/36953\/revisions"}],"predecessor-version":[{"id":36971,"href":"https:\/\/pix.house\/en\/wp-json\/wp\/v2\/posts\/36953\/revisions\/36971"}],"wp:featuredmedia":[{"embeddable":true,"href":"https:\/\/pix.house\/en\/wp-json\/wp\/v2\/media\/36956"}],"wp:attachment":[{"href":"https:\/\/pix.house\/en\/wp-json\/wp\/v2\/media?parent=36953"}],"wp:term":[{"taxonomy":"category","embeddable":true,"href":"https:\/\/pix.house\/en\/wp-json\/wp\/v2\/categories?post=36953"},{"taxonomy":"post_tag","embeddable":true,"href":"https:\/\/pix.house\/en\/wp-json\/wp\/v2\/tags?post=36953"}],"curies":[{"name":"wp","href":"https:\/\/api.w.org\/{rel}","templated":true}]}}