{"id":37415,"date":"2024-02-12T11:37:58","date_gmt":"2024-02-12T10:37:58","guid":{"rendered":"https:\/\/pix.house\/?p=37415"},"modified":"2024-02-27T07:06:10","modified_gmt":"2024-02-27T06:06:10","slug":"bezkoniec","status":"publish","type":"post","link":"https:\/\/pix.house\/en\/bezkoniec\/","title":{"rendered":"Inauguracja sezonu 2024 w Pix.house"},"content":{"rendered":"<p class=\"p1\">Przed nami start <strong><a href=\"http:\/\/www.szkoladokumentu.pl\" target=\"_blank\" rel=\"noopener\">Szko\u0142y Dokumentu<\/a>, wernisa\u017c wystawy, premiera publikacji <\/strong>i spotkanie z <strong>Tomaszem Tomaszewskim.<\/strong><\/p>\n<p>&nbsp;<\/p>\n<p class=\"p1\">Wystawa: <b>Bezkoniec | <\/b>Ma\u0142gorzata <strong>Smieszek<\/strong>, Adam <strong>Kasperkiewicz<\/strong>, Jaros\u0142aw Jan <strong>Hemmerling<\/strong><\/p>\n<p><b>Miejsce<\/b><span style=\"font-weight: 400;\">: Galeria Pix.House ul. G\u0142ogowska 35a Pozna\u0144<\/span><\/p>\n<p><b>Otwarcie wystawy i premiera publikacji: <\/b>24.02.2024 (sobota) | 18:00<\/p>\n<p><b>Termin trwania wystawy: <span style=\"font-weight: 400;\">24.02 &#8211; 28.03.2024 \/ w<\/span><\/b>ystawa czynna w czwartki od godz. 17:00 do 20:00 \u00a0&#8211; wej\u015bcie przez ksi\u0119garni\u0119 Pix.house, wst\u0119p wolny.<\/p>\n<p><strong>Strona projektu:<\/strong> <a href=\"https:\/\/bezkoniec.pl\/\" target=\"_blank\" rel=\"noopener\">bezkoniec.pl<\/a><\/p>\n<p>&nbsp;<\/p>\n<p><strong>Wydarzenie towarzysz\u0105ce:<\/strong> Spotkanie z <strong>Tomaszem Tomaszewskim<\/strong> wok\u00f3\u0142 jego nowej ksi\u0105\u017cki \u201e\u015awiat jest tam, gdzie si\u0119 zatrzyma\u0142e\u015b\u201d<\/p>\n<p><strong>Wi\u0119cej informacji o ksi\u0105\u017cce TT:<\/strong> <a href=\"https:\/\/academy.tomasztomaszewski.com\/moja-nowa-ksiazka\/\">KLIK KLIK<\/a><\/p>\n<p><strong>Materia\u0142y prasowe: <\/strong><a href=\"https:\/\/drive.google.com\/drive\/folders\/1NHNJAJIzXe_wup3VBOUFhV0k7O7obPBC?fbclid=IwAR203hxXhHpknIneyKo2Nc0sVywJ3qBVUck6gS96tTJgOixz75pfy-yCUg0\" target=\"_blank\" rel=\"noopener\">KLIK KLIK<\/a><\/p>\n<p>&nbsp;<\/p>\n<p><img loading=\"lazy\" decoding=\"async\" class=\"size-medium wp-image-37341 alignleft\" src=\"https:\/\/pix.house\/wp-content\/uploads\/2024\/02\/02_book_photo-222x300.png\" alt=\"\" width=\"222\" height=\"300\" srcset=\"https:\/\/pix.house\/wp-content\/uploads\/2024\/02\/02_book_photo-222x300.png 222w, https:\/\/pix.house\/wp-content\/uploads\/2024\/02\/02_book_photo.png 593w\" sizes=\"auto, (max-width: 222px) 100vw, 222px\" \/><\/p>\n<p class=\"p1\">Ksi\u0105\u017cka jest pierwsz\u0105 publikacj\u0105 stworzon\u0105 przez uczestnik\u00f3w\u00a0<a href=\"http:\/\/www.szkoladokumentu.pl\/\" target=\"_blank\" rel=\"noopener\">SZKO\u0141Y DOKUMENTU<\/a>, nowej platformy edukacyjnej pozna\u0144skiej fundacji PIX.HOUSE. Razem z wystaw\u0105 pod tym samym tytu\u0142em stanowi podsumowanie kilkuletniej pracy s\u0142uchaczy, kt\u00f3rzy pracowali nad realizacj\u0105 wybranych przez siebie temat\u00f3w.<\/p>\n<p class=\"p1\">Ich autorzy to ludzie dojrzali, z du\u017cym baga\u017cem do\u015bwiadcze\u0144. W czasach galopuj\u0105cej komercjalizacji, marginalizacji roli prasy i ogromnej ilo\u015bci niby dokumentalnych zdj\u0119\u0107, niewiele jest takich m\u0105drych, wnikliwie i szczerze opowiedzianych historii. Od odbiorc\u00f3w wymagaj\u0105 one wra\u017cliwo\u015bci i wiedzy, a dla fotograf\u00f3w s\u0105 ogromnymi wyzwaniami zawodowymi i etycznymi. Ksi\u0105\u017cka i wystawa przedstawiaj\u0105 \u015bwiadectwa tego, \u017ce najwa\u017cniejsza w pracy fotografa dokumentalisty jest otwarto\u015b\u0107 na \u015bwiat i tkwi\u0105ca w cz\u0142owieku od tysi\u0105cleci potrzeba opowiadania. Dowodz\u0105 r\u00f3wnie\u017c umacniania si\u0119 nowych, takich jak one, modeli publikacji, i\u00a0wype\u0142niaj\u0105 przestrze\u0144 po mediach papierowych, w kt\u00f3rych takie historie pojawia\u0142y si\u0119 wcze\u015bniej.<\/p>\n<p class=\"p1\">Jestem przekonany, \u017ce te fotografie zostan\u0105 z nami na d\u0142ugo, tworz\u0105c rzetelny zapis naszego niespokojnego czasu \u2013 zapis \u015bwiata, kt\u00f3ry zmienia si\u0119 ka\u017cdego dnia.<\/p>\n<p class=\"p4\" style=\"text-align: right;\"><b>Mariusz Forecki<\/b>, luty 2024<\/p>\n<p>&nbsp;<\/p>\n<p><img loading=\"lazy\" decoding=\"async\" class=\"wp-image-37435 aligncenter\" src=\"https:\/\/pix.house\/wp-content\/uploads\/2024\/02\/2_Smieszek_MSL04158-kopia-300x200.jpg\" alt=\"\" width=\"1400\" height=\"934\" srcset=\"https:\/\/pix.house\/wp-content\/uploads\/2024\/02\/2_Smieszek_MSL04158-kopia-300x200.jpg 300w, https:\/\/pix.house\/wp-content\/uploads\/2024\/02\/2_Smieszek_MSL04158-kopia-1280x854.jpg 1280w, https:\/\/pix.house\/wp-content\/uploads\/2024\/02\/2_Smieszek_MSL04158-kopia-768x512.jpg 768w, https:\/\/pix.house\/wp-content\/uploads\/2024\/02\/2_Smieszek_MSL04158-kopia-1536x1025.jpg 1536w, https:\/\/pix.house\/wp-content\/uploads\/2024\/02\/2_Smieszek_MSL04158-kopia-700x467.jpg 700w, https:\/\/pix.house\/wp-content\/uploads\/2024\/02\/2_Smieszek_MSL04158-kopia-1100x734.jpg 1100w, https:\/\/pix.house\/wp-content\/uploads\/2024\/02\/2_Smieszek_MSL04158-kopia-1320x881.jpg 1320w, https:\/\/pix.house\/wp-content\/uploads\/2024\/02\/2_Smieszek_MSL04158-kopia-800x534.jpg 800w, https:\/\/pix.house\/wp-content\/uploads\/2024\/02\/2_Smieszek_MSL04158-kopia.jpg 1800w\" sizes=\"auto, (max-width: 1400px) 100vw, 1400px\" \/><\/p>\n<p style=\"text-align: right;\">Ma\u0142gorzata Smieszek. Zdj\u0119cie z zestawu: CENA PATRIOTYZMU.<\/p>\n<p>&nbsp;<\/p>\n<p><img loading=\"lazy\" decoding=\"async\" class=\"wp-image-37339 size-full aligncenter\" src=\"https:\/\/pix.house\/wp-content\/uploads\/2024\/02\/Kasperkiewicz_portret2.jpg\" alt=\"\" width=\"1400\" height=\"933\" srcset=\"https:\/\/pix.house\/wp-content\/uploads\/2024\/02\/Kasperkiewicz_portret2.jpg 1400w, https:\/\/pix.house\/wp-content\/uploads\/2024\/02\/Kasperkiewicz_portret2-300x200.jpg 300w, https:\/\/pix.house\/wp-content\/uploads\/2024\/02\/Kasperkiewicz_portret2-1280x853.jpg 1280w, https:\/\/pix.house\/wp-content\/uploads\/2024\/02\/Kasperkiewicz_portret2-768x512.jpg 768w, https:\/\/pix.house\/wp-content\/uploads\/2024\/02\/Kasperkiewicz_portret2-700x467.jpg 700w, https:\/\/pix.house\/wp-content\/uploads\/2024\/02\/Kasperkiewicz_portret2-1100x733.jpg 1100w, https:\/\/pix.house\/wp-content\/uploads\/2024\/02\/Kasperkiewicz_portret2-1320x880.jpg 1320w, https:\/\/pix.house\/wp-content\/uploads\/2024\/02\/Kasperkiewicz_portret2-800x533.jpg 800w\" sizes=\"auto, (max-width: 1400px) 100vw, 1400px\" \/><\/p>\n<p style=\"text-align: right;\">Adam Kasperkiewicz. Zdj\u0119cie z zestawu: LIBRICIDE.<\/p>\n<p>&nbsp;<\/p>\n<p><img loading=\"lazy\" decoding=\"async\" class=\"wp-image-37338 size-full aligncenter\" src=\"https:\/\/pix.house\/wp-content\/uploads\/2024\/02\/Hemmerling_L1010595.jpg\" alt=\"\" width=\"1400\" height=\"934\" srcset=\"https:\/\/pix.house\/wp-content\/uploads\/2024\/02\/Hemmerling_L1010595.jpg 1400w, https:\/\/pix.house\/wp-content\/uploads\/2024\/02\/Hemmerling_L1010595-300x200.jpg 300w, https:\/\/pix.house\/wp-content\/uploads\/2024\/02\/Hemmerling_L1010595-1280x854.jpg 1280w, https:\/\/pix.house\/wp-content\/uploads\/2024\/02\/Hemmerling_L1010595-768x512.jpg 768w, https:\/\/pix.house\/wp-content\/uploads\/2024\/02\/Hemmerling_L1010595-700x467.jpg 700w, https:\/\/pix.house\/wp-content\/uploads\/2024\/02\/Hemmerling_L1010595-1100x734.jpg 1100w, https:\/\/pix.house\/wp-content\/uploads\/2024\/02\/Hemmerling_L1010595-1320x881.jpg 1320w, https:\/\/pix.house\/wp-content\/uploads\/2024\/02\/Hemmerling_L1010595-800x534.jpg 800w\" sizes=\"auto, (max-width: 1400px) 100vw, 1400px\" \/><\/p>\n<p style=\"text-align: right;\">Jaros\u0142aw Jan Hemmerling. Zdj\u0119cie z zestawu: DALEKO OD DOMU.<\/p>\n<p>&nbsp;<\/p>\n<blockquote>\n<p style=\"text-align: left;\"><b>\u201e[\u2026] aparat fotograficzny budzi najwi\u0119ksz\u0105 groz\u0119 spo\u015br\u00f3d wszystkich wsp\u00f3\u0142czesnych broni. Zw\u0142aszcza osoby dotkni\u0119te przez wojn\u0119 bardzo si\u0119 go obawiaj\u0105, poniewa\u017c ka\u017cdy nalot bombowy zaczyna si\u0119 od jakiej\u015b fotografii\u201d<\/b><\/p>\n<\/blockquote>\n<p>&nbsp;<\/p>\n<p style=\"text-align: right;\"><span style=\"font-weight: 400;\">John Steinbeck w \u201eDzienniku z podr\u00f3\u017cy do Rosji\u201d<\/span><\/p>\n<p>&nbsp;<\/p>\n<p><span style=\"font-weight: 400;\">Ameryka\u0144ski powie\u015bciopisarz, laureat Literackiej Nagrody Nobla i Nagrody Pulitzera zanotowa\u0142 te s\u0142owa podczas podr\u00f3\u017cy po Zwi\u0105zku Radzieckim, kt\u00f3r\u0105 odby\u0142 wraz z\u00a0Robertem Cap\u0105 \u2013 legend\u0105 fotoreporta\u017cu. Chyba pod wp\u0142ywem tej wsp\u00f3lnej, zimnowojennej tu\u0142aczki po ZSRR u Steinbecka zakwit\u0142a tak mocna wiara w si\u0142\u0119 fotografii i raportowania za jej pomoc\u0105.<\/span><\/p>\n<p>&nbsp;<\/p>\n<p><span style=\"font-weight: 400;\">Czasy Steinbecka i Capy to okres rozkwitu prasy, si\u0142y s\u0142owa, mocy reporta\u017cu i\u00a0znacznego wp\u0142ywu obrazu fotograficznego na opini\u0119 publiczn\u0105, do tego to czasy wysokiego zaufania do medi\u00f3w. Legitymacja prasowa co\u015b znaczy\u0142a \u2013 by\u0142a raczej ochron\u0105 w strefie dzia\u0142a\u0144 wojennych, a nie przyn\u0119t\u0105. Z up\u0142ywem lat i kolejnymi konfliktami zbrojnymi sytuacja stopniowo si\u0119 zmienia\u0142a \u2013 dowiadywali\u015bmy si\u0119 o\u00a0porwaniach, ofiarach, traktowaniu reporter\u00f3w jako cenny \u0142up, kart\u0119 przetargow\u0105, a\u00a0nawet jako \u017cyw\u0105 tarcz\u0119. Jak pokazuj\u0105 dane UNESCO, rok 2023 okaza\u0142 si\u0119 szczeg\u00f3lnie \u015bmiertelny dla dziennikarzy pracuj\u0105cych w strefach konflikt\u00f3w. Liczba zgon\u00f3w w tej grupie zawodowej wzros\u0142a niemal dwukrotnie w por\u00f3wnaniu z ostatnimi trzema latami.<\/span><\/p>\n<p>&nbsp;<\/p>\n<p><span style=\"font-weight: 400;\">\u017byjemy w XXI wieku. To przera\u017caj\u0105ce.<\/span><\/p>\n<p>&nbsp;<\/p>\n<p><span style=\"font-weight: 400;\">The World Press Freedom Index (\u015awiatowy Indeks Wolno\u015bci Prasy) opublikowa\u0142 niedawno coroczny raport zbieraj\u0105cy dane ze 180 pa\u0144stw. Warunki pracy dziennikarzy s\u0105 z\u0142e w siedmiu na dziesi\u0119\u0107 kraj\u00f3w, a zadowalaj\u0105ce tylko w trzech na dziesi\u0119\u0107. Widzimy znaczn\u0105 zmian\u0119 sytuacji w stosunku do lat ubieg\u0142ych. Ta niestabilno\u015b\u0107 jest wynikiem agresywnej polityki w\u0142adz wielu kraj\u00f3w oraz rosn\u0105cej wrogo\u015bci wobec dziennikarzy. Obserwujemy j\u0105 zar\u00f3wno w mediach spo\u0142eczno\u015bciowych, jak i podczas pe\u0142nienia obowi\u0105zk\u00f3w i relacjonowania wydarze\u0144. Wp\u0142yw na ten stan rzeczy ma r\u00f3wnie\u017c rozwijaj\u0105cy si\u0119 przemys\u0142 fake news\u00f3w, kt\u00f3ry masowo produkuje i b\u0142yskawicznie rozpowszechnia dezinformacj\u0119 oraz dostarcza coraz to lepszych narz\u0119dzi do jej produkcji<\/span><span style=\"font-weight: 400;\">2<\/span><span style=\"font-weight: 400;\">. Dodajmy do tego spos\u00f3b prowadzenia wsp\u00f3\u0142czesnych wojen \u2013 wojna informacyjna staje si\u0119 r\u00f3wnie wa\u017cna, a czasem nawet wa\u017cniejsza ni\u017c konwencjonalna wojna kinetyczna.<\/span><\/p>\n<p><span style=\"font-weight: 400;\">Pami\u0119tam zdj\u0119cia mostu w Irpieniu \u2013 zniszczonego na pocz\u0105tku rosyjskiej inwazji na Ukrain\u0119. Bezbronni ludzie albo chowaj\u0105 si\u0119 pod jego gruzami, albo z wielkim wysi\u0142kiem pr\u00f3buj\u0105 przedosta\u0107 si\u0119 na drug\u0105 stron\u0119. Natomiast na drugim brzegu rzeki\u2026 poka\u017ana grupa dziennikarzy i fotoreporter\u00f3w, dowiezionych na to miejsce przez Si\u0142y Zbrojne Ukrainy, kt\u00f3rzy rejestruj\u0105 ca\u0142e wydarzenie. Powsta\u0142y setki zdj\u0119\u0107. Setki podobnych zdj\u0119\u0107. M\u00f3wi\u0142o si\u0119 o nich jak o symbolu tej wojny, ale tylko przez chwil\u0119.<\/span><\/p>\n<p><span style=\"font-weight: 400;\">Pami\u0119tam tak\u017ce kilka fotografii z kijowskiego metra, kt\u00f3re sta\u0142o si\u0119 na wiele dni bezpiecznym miejscem dla tysi\u0119cy Ukrai\u0144c\u00f3w. Nie pami\u0119tam jednak wielow\u0105tkowej, rozbudowanej i z wytrwa\u0142o\u015bci\u0105 zrealizowanej opowie\u015bci o tym miejscu, o tych ludziach. Opowie\u015bci, kt\u00f3ra toczy\u0142a si\u0119 nie w centrum wydarze\u0144, ale gdzie\u015b obok, a\u00a0wydaje si\u0119, \u017ce to ona, jak w soczewce, pokazywa\u0142a dramatyzm tych dni \u2013 strach i\u00a0to, jak zwykli ludzie pr\u00f3buj\u0105 sobie poradzi\u0107 z okrutnymi nast\u0119pstwami wojny, za wszelk\u0105 cen\u0119 buduj\u0105c namiastk\u0119 domu pod ziemi\u0105.<\/span><\/p>\n<p><span style=\"font-weight: 400;\">Mo\u017ce zatem kluczem jest opowiadanie ma\u0142ych historii zwyk\u0142ych ludzi? Bycie poza medialnym mainstreamem i mediami spo\u0142eczno\u015bciowymi? Wreszcie pod\u0105\u017canie za szczero\u015bci\u0105 i pr\u00f3ba weryfikacji przekazywanych dalej informacji? Mo\u017ce, ale to nie jest \u0142atwe ani op\u0142acalne.<\/span><\/p>\n<p><span style=\"font-weight: 400;\">A je\u015bli, zamiast bezwiednie podr\u00f3\u017cowa\u0107 za \u201ewskaz\u00f3wkami\u201d oficera prasowego Si\u0142 Zbrojnych Ukrainy, zaj\u0119liby\u015bmy si\u0119 historiami kobiet, kt\u00f3re zosta\u0142y same w domach z\u00a0nadziej\u0105, \u017ce ich m\u0119\u017cowie wr\u00f3c\u0105 cali z frontu? Gdyby\u015bmy do tego wybrali si\u0119 poza g\u0142\u00f3wny teatr dzia\u0142a\u0144 i zbudowali nasz\u0105 opowie\u015b\u0107 z perspektywy ma\u0142ej wioski po\u0142o\u017conej gdzie\u015b przy granicy z Rumuni\u0105?\u00a0 \u201eSpokojne, idylliczne \u017cycie w huculskich wioskach, nagle zostaje zniszczone przez brutaln\u0105 rzeczywisto\u015b\u0107 wojny. [\u2026] G\u00f3ry, niegdy\u015b symbol si\u0142y i stabilno\u015bci, teraz odbijaj\u0105 si\u0119 echem ciszy, nieobecno\u015bci. Pozostawione kobiety i dzieci codziennie tocz\u0105 w\u0142asn\u0105 walk\u0119, d\u017awigaj\u0105c ci\u0119\u017car niepewno\u015bci i roz\u0142\u0105ki\u201d. Tak wygl\u0105da nieco inny obraz tego konfliktu, przedstawiony na zdj\u0119ciach Ma\u0142gorzaty Smieszek.<\/span><\/p>\n<p>&nbsp;<\/p>\n<p><span style=\"font-weight: 400;\">A gdyby\u015bmy pokazali tragedi\u0119 wojny poprzez bestialstwo wyniszczania kultury? Ona zawsze jest gdzie\u015b na ko\u0144cu \u2013 po polityce, gospodarce i sprawach dora\u017anych.\u00a0 \u201eMinisterstwo Kultury i Polityki Informacyjnej Ukrainy nadal rejestruje uszkodzenia obiekt\u00f3w infrastruktury kulturalnej na Ukrainie w wyniku pe\u0142noskalowej agresji ze strony Rosji. Wed\u0142ug stanu na 25 grudnia 2023 roku, ucierpia\u0142o 1907 obiekt\u00f3w infrastruktury kulturalnej\u201d<\/span><span style=\"font-weight: 400;\">3<\/span><span style=\"font-weight: 400;\">.<\/span><\/p>\n<p><span style=\"font-weight: 400;\">Adam Kasperkiewicz, kt\u00f3ry zrealizowa\u0142 projekt \u201eLibricide\u201d, dokumentuj\u0105cy ksi\u0105\u017ckob\u00f3jstwo w Ukrainie, skupi\u0142 si\u0119 na opowie\u015bci o ludziach, kt\u00f3rzy nie tylko ratuj\u0105 ukrai\u0144sk\u0105 kultur\u0119 i to\u017csamo\u015b\u0107, ale tak\u017ce przyczyniaj\u0105 si\u0119 do ocalenia kultury i to\u017csamo\u015bci europejskiej. Jego cykl zdj\u0119\u0107 to opowie\u015b\u0107 o Natalii Petrenko, Tamarze Kozel, Zoi Katreczko, Halinie Andriuninie, Marii Danylovej oraz wielu innych odwa\u017cnych osobach, kt\u00f3re po\u015bwi\u0119caj\u0105 swoje \u017cycie dla ratowania dziedzictwa i przysz\u0142o\u015bci<\/span><\/p>\n<p><span style=\"font-weight: 400;\">Wsp\u00f3\u0142czesne migracje budz\u0105 wielkie emocje. Staj\u0105 si\u0119 elementem walki politycznej. Na samym ko\u0144cu my\u015blimy o ludziach, kt\u00f3rzy uciekaj\u0105 przed wojn\u0105, g\u0142odem, opresjami, skutkami degradacji klimatu czy brakiem perspektyw.<\/span><\/p>\n<p>&nbsp;<\/p>\n<p><span style=\"font-weight: 400;\">\u201eWojna wywo\u0142ana przez Rosj\u0119 przeciwko Ukrainie w lutym 2022 r. zaowocowa\u0142a najwi\u0119ksz\u0105 po II wojnie \u015bwiatowej migracj\u0105 uchod\u017ac\u00f3w w Europie, szacowan\u0105 przez UNHCR na 5,2 mln os\u00f3b. Do ko\u0144ca kwietnia granic\u0119 Polski przekroczy\u0142o ponad 3\u00a0mln uchod\u017ac\u00f3w wojennych, z czego ponad 95% stanowili obywatele Ukrainy\u201d<\/span><span style=\"font-weight: 400;\">4<\/span><span style=\"font-weight: 400;\">.\u00a0 Ten wa\u017cny i trudny moment \u2013 r\u00f3wnie\u017c z perspektywy wielu Polek i Polak\u00f3w, kt\u00f3rzy zaanga\u017cowali si\u0119 w pomoc uciekinierom \u2013 udokumentowa\u0142 Jaros\u0142aw Jan Hemmerling.<\/span><\/p>\n<p><span style=\"font-weight: 400;\">Pokazane na niniejszej wystawie i w publikacji trzy r\u00f3\u017cne spojrzenia na wojn\u0119, kt\u00f3ra toczy si\u0119 tu\u017c za rogiem, wydaj\u0105 si\u0119 bezcenne. Nie dlatego, \u017ce s\u0105 najbardziej aktualne, wsp\u00f3\u0142czesne (modne), odkrywcze, pi\u0119knie opisane i dobrze zaprezentowane. S\u0105 bezcenne dlatego, \u017ce s\u0105 zwyczajne. Cholernie zwyczajne, codzienne i szczere. Szczere a\u017c do b\u00f3lu.<\/span><\/p>\n<p>&nbsp;<\/p>\n<p style=\"text-align: right;\"><b>Adrian Wykrota<\/b><\/p>\n<h6><span style=\"font-weight: 400;\">1.<\/span><span style=\"font-weight: 400;\"> Capa R., Steinbeck J., Dziennik z podr\u00f3\u017cy do Rosji, Pr\u00f3szy\u0144ski i S-ka, Warszawa, 2016.<br \/>\n<\/span><span style=\"font-weight: 400;\">2.<\/span><span style=\"font-weight: 400;\"> \u0179r\u00f3d\u0142o: https:\/\/rsf.org\/en\/2023-world-press-freedom-index-journalism-threatened-fake-content-industry (dost\u0119p: 03.01.2024).<br \/>\n<\/span><span style=\"font-weight: 400;\">3.<\/span><span style=\"font-weight: 400;\"> \u0179r\u00f3d\u0142o: https:\/\/mcip.gov.ua\/news\/1907-obyektiv-kulturnoyi-infrastruktury-zaznaly-poshkodzhen-chy-rujnuvan-cherez-rosijsku-agresiyu (dost\u0119p: 13.01.2024).<br \/>\n4 Duszczyk M., Kaczmarczyk P., Wojna i migracja: nap\u0142yw uchod\u017ac\u00f3w wojennych z Ukrainy i mo\u017cliwe scenariusze na przysz\u0142o\u015b\u0107, CMR Spotlight 4(39), 2022.<\/span><\/h6>\n<hr \/>\n<p>&nbsp;<\/p>\n<p class=\"p1\"><b>Ksi\u0105\u017cka \u201eBezkoniec\u201d<\/b><\/p>\n<p class=\"p3\"><b>Fotografie: <\/b>Ma\u0142gorzata Smieszek, Adam Kasperkiewicz, Jaros\u0142aw Jan Hemmerling<\/p>\n<p class=\"p3\"><b>Teksty: <\/b>Ma\u0142gorzata Smieszek, Adam Kasperkiewicz, Jaros\u0142aw Jan Hemmerling, Mariusz Forecki, Adrian Wykrota<\/p>\n<p class=\"p3\"><b>Projekt graficzny: <\/b>Krzysiek Or\u0142owski (Zinteka)<\/p>\n<p class=\"p3\"><b>T\u0142umaczenia: <\/b>Ma\u0142gorzata Starczewska (EN), Lidia Aksiuk (UA)<\/p>\n<p class=\"p3\"><b>Korekta: <\/b>Magda Brzezi\u0144ska (PL), Anna Aksiuk (UA)<\/p>\n<p class=\"p3\">Fotografie powsta\u0142y w ramach Szko\u0142y Dokumentu Fundacji Pix.house pod kierunkiem Mariusza Foreckiego<\/p>\n<p class=\"p3\"><b>Wydawnictwo: <\/b>Fundacja Pix.house<\/p>\n<p class=\"p3\"><b>Nak\u0142ad: <\/b>350<\/p>\n<p class=\"p3\">ISBN: 978-83-968764-4-7<\/p>\n<p class=\"p3\">Pozna\u0144 2024<\/p>\n<hr \/>\n<p>&nbsp;<\/p>\n<p><strong>organizator:<\/strong> Szko\u0142a Dokumentu Fundacji Pix.house |\u00a0<a href=\"https:\/\/www.szkoladokumentu.pl\/\" target=\"_blank\" rel=\"noopener\">www.szkoladokumentu.pl<\/a><\/p>\n<p><img loading=\"lazy\" decoding=\"async\" class=\"alignnone size-medium wp-image-37343\" src=\"https:\/\/pix.house\/wp-content\/uploads\/2024\/02\/szkola-dokumentu_OK_czarne_1200-300x65.png\" alt=\"\" width=\"300\" height=\"65\" srcset=\"https:\/\/pix.house\/wp-content\/uploads\/2024\/02\/szkola-dokumentu_OK_czarne_1200-300x65.png 300w, https:\/\/pix.house\/wp-content\/uploads\/2024\/02\/szkola-dokumentu_OK_czarne_1200-768x166.png 768w, https:\/\/pix.house\/wp-content\/uploads\/2024\/02\/szkola-dokumentu_OK_czarne_1200-700x151.png 700w, https:\/\/pix.house\/wp-content\/uploads\/2024\/02\/szkola-dokumentu_OK_czarne_1200-1100x237.png 1100w, https:\/\/pix.house\/wp-content\/uploads\/2024\/02\/szkola-dokumentu_OK_czarne_1200-800x173.png 800w, https:\/\/pix.house\/wp-content\/uploads\/2024\/02\/szkola-dokumentu_OK_czarne_1200.png 1200w\" sizes=\"auto, (max-width: 300px) 100vw, 300px\" \/><\/p>\n<p><span style=\"font-weight: 400;\"><strong>wsparcie kuratorskie:<\/strong> Mariusz Forecki<\/span><\/p>\n<p>Wystawa realizowana w ramach dzia\u0142ania Inkubator Inicjatyw Fotograficznych &#8211; projekt \u201ePIX.LAB &#8211; edukacyjne laboratorium fotografii\u201d wsp\u00f3\u0142finansowanego przez <strong>Miasto Pozna\u0144.\u00a0<\/strong><\/p>\n<p><img loading=\"lazy\" decoding=\"async\" class=\"alignnone wp-image-30064\" src=\"https:\/\/pix.house\/wp-content\/uploads\/2019\/11\/LOGO_POZnan_PL_RGB_PNG-e1605284264424-300x87.png\" alt=\"\" width=\"166\" height=\"48\" srcset=\"https:\/\/pix.house\/wp-content\/uploads\/2019\/11\/LOGO_POZnan_PL_RGB_PNG-e1605284264424-300x87.png 300w, https:\/\/pix.house\/wp-content\/uploads\/2019\/11\/LOGO_POZnan_PL_RGB_PNG-e1605284264424-700x204.png 700w, https:\/\/pix.house\/wp-content\/uploads\/2019\/11\/LOGO_POZnan_PL_RGB_PNG-e1605284264424.png 739w\" sizes=\"auto, (max-width: 166px) 100vw, 166px\" \/><\/p>\n<p>Wystawa <strong>Bezkoniec<\/strong> odbywa si\u0119 w ramach Festiwalu Fotografii \u201eMoment.Poczekaj\u201d<\/p>\n<p>&nbsp;<\/p>\n<p><strong>Partner technologiczny:\u00a0<\/strong><\/p>\n<p><img loading=\"lazy\" decoding=\"async\" class=\"alignnone wp-image-36539\" src=\"https:\/\/pix.house\/wp-content\/uploads\/2023\/06\/csm_leica-logo-rgb2k_dd0dde8255-300x300.png\" alt=\"\" width=\"78\" height=\"78\" srcset=\"https:\/\/pix.house\/wp-content\/uploads\/2023\/06\/csm_leica-logo-rgb2k_dd0dde8255-300x300.png 300w, https:\/\/pix.house\/wp-content\/uploads\/2023\/06\/csm_leica-logo-rgb2k_dd0dde8255-100x100.png 100w, https:\/\/pix.house\/wp-content\/uploads\/2023\/06\/csm_leica-logo-rgb2k_dd0dde8255-800x800.png 800w, https:\/\/pix.house\/wp-content\/uploads\/2023\/06\/csm_leica-logo-rgb2k_dd0dde8255-1280x1280.png 1280w, https:\/\/pix.house\/wp-content\/uploads\/2023\/06\/csm_leica-logo-rgb2k_dd0dde8255-150x150.png 150w, https:\/\/pix.house\/wp-content\/uploads\/2023\/06\/csm_leica-logo-rgb2k_dd0dde8255-768x768.png 768w, https:\/\/pix.house\/wp-content\/uploads\/2023\/06\/csm_leica-logo-rgb2k_dd0dde8255-1536x1536.png 1536w, https:\/\/pix.house\/wp-content\/uploads\/2023\/06\/csm_leica-logo-rgb2k_dd0dde8255-550x550.png 550w, https:\/\/pix.house\/wp-content\/uploads\/2023\/06\/csm_leica-logo-rgb2k_dd0dde8255-500x500.png 500w, https:\/\/pix.house\/wp-content\/uploads\/2023\/06\/csm_leica-logo-rgb2k_dd0dde8255-1000x1000.png 1000w, https:\/\/pix.house\/wp-content\/uploads\/2023\/06\/csm_leica-logo-rgb2k_dd0dde8255-700x700.png 700w, https:\/\/pix.house\/wp-content\/uploads\/2023\/06\/csm_leica-logo-rgb2k_dd0dde8255-1100x1100.png 1100w, https:\/\/pix.house\/wp-content\/uploads\/2023\/06\/csm_leica-logo-rgb2k_dd0dde8255-1320x1320.png 1320w, https:\/\/pix.house\/wp-content\/uploads\/2023\/06\/csm_leica-logo-rgb2k_dd0dde8255.png 2000w\" sizes=\"auto, (max-width: 78px) 100vw, 78px\" \/><\/p>\n<p><strong>Partnerzy medialni:<\/strong><\/p>\n<p><img loading=\"lazy\" decoding=\"async\" class=\"alignnone wp-image-37455\" src=\"https:\/\/pix.house\/wp-content\/uploads\/2024\/02\/logo_KF-e1707987928608-300x95.png\" alt=\"\" width=\"167\" height=\"53\" srcset=\"https:\/\/pix.house\/wp-content\/uploads\/2024\/02\/logo_KF-e1707987928608-300x95.png 300w, https:\/\/pix.house\/wp-content\/uploads\/2024\/02\/logo_KF-e1707987928608-700x222.png 700w, https:\/\/pix.house\/wp-content\/uploads\/2024\/02\/logo_KF-e1707987928608.png 702w\" sizes=\"auto, (max-width: 167px) 100vw, 167px\" \/>\u00a0 \u00a0 \u00a0 \u00a0 \u00a0<img loading=\"lazy\" decoding=\"async\" class=\"alignnone wp-image-37452\" src=\"https:\/\/pix.house\/wp-content\/uploads\/2024\/02\/fotopolis_logoBlack-300x78.png\" alt=\"\" width=\"165\" height=\"43\" srcset=\"https:\/\/pix.house\/wp-content\/uploads\/2024\/02\/fotopolis_logoBlack-300x78.png 300w, https:\/\/pix.house\/wp-content\/uploads\/2024\/02\/fotopolis_logoBlack-768x200.png 768w, https:\/\/pix.house\/wp-content\/uploads\/2024\/02\/fotopolis_logoBlack-700x182.png 700w, https:\/\/pix.house\/wp-content\/uploads\/2024\/02\/fotopolis_logoBlack-800x208.png 800w, https:\/\/pix.house\/wp-content\/uploads\/2024\/02\/fotopolis_logoBlack.png 1000w\" sizes=\"auto, (max-width: 165px) 100vw, 165px\" \/><\/p>\n","protected":false},"excerpt":{"rendered":"<p>Przed nami start Szko\u0142y Dokumentu, wernisa\u017c wystawy, premiera publikacji i spotkanie z Tomaszem Tomaszewskim. &nbsp; Wystawa: Bezkoniec | Ma\u0142gorzata Smieszek, Adam Kasperkiewicz, Jaros\u0142aw Jan Hemmerling Miejsce: Galeria Pix.House ul. G\u0142ogowska 35a Pozna\u0144 Otwarcie wystawy i premiera publikacji: 24.02.2024 (sobota) | 18:00 Termin trwania wystawy: 24.02&#8230;<\/p>","protected":false},"author":11,"featured_media":37432,"comment_status":"open","ping_status":"open","sticky":false,"template":"","format":"standard","meta":{"_monsterinsights_skip_tracking":false,"_monsterinsights_sitenote_active":false,"_monsterinsights_sitenote_note":"","_monsterinsights_sitenote_category":0,"footnotes":""},"categories":[47],"tags":[],"class_list":["post-37415","post","type-post","status-publish","format-standard","has-post-thumbnail","hentry","category-wystawy"],"_links":{"self":[{"href":"https:\/\/pix.house\/en\/wp-json\/wp\/v2\/posts\/37415","targetHints":{"allow":["GET"]}}],"collection":[{"href":"https:\/\/pix.house\/en\/wp-json\/wp\/v2\/posts"}],"about":[{"href":"https:\/\/pix.house\/en\/wp-json\/wp\/v2\/types\/post"}],"author":[{"embeddable":true,"href":"https:\/\/pix.house\/en\/wp-json\/wp\/v2\/users\/11"}],"replies":[{"embeddable":true,"href":"https:\/\/pix.house\/en\/wp-json\/wp\/v2\/comments?post=37415"}],"version-history":[{"count":36,"href":"https:\/\/pix.house\/en\/wp-json\/wp\/v2\/posts\/37415\/revisions"}],"predecessor-version":[{"id":37552,"href":"https:\/\/pix.house\/en\/wp-json\/wp\/v2\/posts\/37415\/revisions\/37552"}],"wp:featuredmedia":[{"embeddable":true,"href":"https:\/\/pix.house\/en\/wp-json\/wp\/v2\/media\/37432"}],"wp:attachment":[{"href":"https:\/\/pix.house\/en\/wp-json\/wp\/v2\/media?parent=37415"}],"wp:term":[{"taxonomy":"category","embeddable":true,"href":"https:\/\/pix.house\/en\/wp-json\/wp\/v2\/categories?post=37415"},{"taxonomy":"post_tag","embeddable":true,"href":"https:\/\/pix.house\/en\/wp-json\/wp\/v2\/tags?post=37415"}],"curies":[{"name":"wp","href":"https:\/\/api.w.org\/{rel}","templated":true}]}}