{"id":38282,"date":"2025-01-18T14:22:34","date_gmt":"2025-01-18T13:22:34","guid":{"rendered":"https:\/\/pix.house\/?p=38282"},"modified":"2025-01-18T15:27:20","modified_gmt":"2025-01-18T14:27:20","slug":"pixrok2024","status":"publish","type":"post","link":"https:\/\/pix.house\/en\/pixrok2024\/","title":{"rendered":"Podsumowanie PiX roku 2024"},"content":{"rendered":"<div class=\"wpb-content-wrapper\"><div class=\"vc_row wpb_row section vc_row-fluid\" style=' padding-top:2px; text-align:left;'><div class=\"full_section_inner clearfix\"><div class=\"wpb_column vc_column_container vc_col-sm-12\"><div class=\"vc_column-inner\"><div class=\"wpb_wrapper\">\n\t<div class=\"wpb_text_column wpb_content_element\">\n\t\t<div class=\"wpb_wrapper\">\n\t\t\t<p style=\"text-align: justify;\">Jak min\u0105\u0142 rok 2024 w <strong>PIX.HOUSE<\/strong>?<\/p>\n<p>Realizowali\u015bmy ca\u0142oroczny projekt pod nazw\u0105: <strong>PIX.LAB &#8211; edukacyjne laboratorium fotografii\u00a0<\/strong>oraz szereg dzia\u0142a\u0144 w oparciu o fotografi\u0119 dokumentaln\u0105 i spo\u0142ecznie zaanga\u017cowan\u0105.<\/p>\n<p>&nbsp;<\/p>\n<h4>#EDUKACJA i PRAKTYKA | Warsztaty fotografii dokumentalnej M\u00f3j Fyrtel<\/h4>\n<hr \/>\n<p>Uczestnicy mieli mo\u017cliwo\u015b\u0107 pracy z <strong>Micha\u0142em Adamskim, Mariuszem Foreckim i Adrianem Wykrot\u0105<\/strong> w r\u00f3\u017cnych formach \u2013 od zaj\u0119\u0107 stacjonarnych w Poznaniu, przez indywidualne konsultacje online, po udzia\u0142 w Rybnik Foto Festival 2024, gdzie odby\u0142y si\u0119 prezentacje projekt\u00f3w warsztatowicz\u00f3w.<\/p>\n<p>23 listopada 2024 w Pix.house odby\u0142a si\u0119 <strong>premiera wydawnictwa<\/strong> M\u00f3j Fyrtel \/ Moja przestrze\u0144 2024 i finalna prezentacja projekt\u00f3w. Zin zaprojektowany przez <strong>Krzy\u015bka Or\u0142owskiego<\/strong> (Zinteka) stanowi\u0142 zwie\u0144czenie ca\u0142ego procesu tw\u00f3rczego. Publikacja by\u0142a efektem wsp\u00f3lnej pracy uczestnik\u00f3w oraz mentor\u00f3w.<\/p>\n<p>Program warsztat\u00f3w obejmowa\u0142 \u0142\u0105cznie ok. 40 godzin zaj\u0119\u0107, kt\u00f3re sk\u0142ada\u0142y si\u0119 na intensywn\u0105 prac\u0119 nad wyborem tematu, realizacj\u0105 projektu fotograficznego, edycj\u0105 materia\u0142u oraz przygotowaniem do publikacji. W ramach warsztat\u00f3w uczestnicy zapoznali si\u0119 z histori\u0105 fotografii dokumentalnej, rol\u0105 nowych medi\u00f3w w fotografii, ksi\u0105\u017ckami fotograficznymi oraz metodami pracy nad d\u0142ugoterminowymi projektami.<\/p>\n<p>W warsztatach wzi\u0119\u0142o udzia\u0142 15 uczestnik\u00f3w wybranych spo\u015br\u00f3d 90 zg\u0142osze\u0144.<\/p>\n<p><strong>Uczestnicy i uczestniczki warsztat\u00f3w:<\/strong> Mariia Filonenko, Aleksander Joachimiak, Jacek Ko\u015blicki, Konrad Ko\u017ami\u0144ski, Justyna Lichota, Katarzyna \u0141o\u015b, Jakub Nowaczyk, Waldemar Radecki, Monika Ralcewicz-Ciaiolo, Adison Rynkiewicz, Wojtek Skibicki, Joanna Skroba\u0142a, Bart\u0142omiej \u015anierzy\u0144ski, Martyna Sumis\u0142awska i Zosia Marysia Wojtkowiak.<\/p>\n<p><span style=\"font-weight: 400;\">Dzi\u0119kujemy wszystkim osobom uczestnicz\u0105cym w warsztatach za ich zaanga\u017cowanie, kreatywno\u015b\u0107 oraz pasj\u0119. To by\u0142 wspania\u0142y czas!\u00a0<\/span><\/p>\n<p>&nbsp;<\/p>\n\n<p>&nbsp;<\/p>\n<h4><b><br \/>\nSzko\u0142a Dokumentu Pix.House<\/b><\/h4>\n<hr \/>\n<p><span style=\"font-weight: 400;\"><br \/>\n<\/span><span style=\"font-weight: 400;\"><a href=\"https:\/\/www.szkoladokumentu.pl\" target=\"_blank\" rel=\"noopener\">Szko\u0142a Dokumentu<\/a> to intensywny program mentorski, kt\u00f3ry umo\u017cliwia rozw\u00f3j fotograficznych umiej\u0119tno\u015bci, wsparcie w realizacji d\u0142ugoterminowych projekt\u00f3w i debiut na polu zawodowym. Szko\u0142a oferuje mo\u017cliwo\u015b\u0107 nauki w systemie mistrz-ucze\u0144 pod opiek\u0105 Mariusza Foreckiego, Adriana Wykroty i Micha\u0142a Adamskiego, \u0142\u0105cz\u0105c indywidualne konsultacje, spotkania grupowe oraz intensywne warsztaty.<\/span><\/p>\n<p><span style=\"font-weight: 400;\">W ramach programu w roku 2024 zorganizowali\u015bmy kilka kurs\u00f3w mentorskich oraz warsztaty \u00a0z fotografii analogowej, a tak\u017ce letni i zimowy kurs podstaw fotografii dokumentalnej.<\/span><\/p>\n<p>&nbsp;<\/p>\n<p><b>Sukcesy absolwent\u00f3w:<\/b><\/p>\n<p><span style=\"font-weight: 400;\">Szko\u0142a Dokumentu Pix.House sta\u0142a si\u0119 miejscem, kt\u00f3re inspiruje i\u00a0 aktywnie wspiera rozw\u00f3j fotograficznych talent\u00f3w. W 2024 roku nasi absolwenci odnie\u015bli wiele sukces\u00f3w:<\/span><\/p>\n<ul>\n<li style=\"font-weight: 400;\" aria-level=\"1\"><b>Ma\u0142gorzata Smieszek<\/b><span style=\"font-weight: 400;\"> zosta\u0142a doceniona na arenie mi\u0119dzynarodowej. Jej historia pt. <\/span><b>\u201eCena patriotyzmu\u201d<\/b><span style=\"font-weight: 400;\"> zosta\u0142a uznana przez <\/span><b>Socialdocumentary.net<\/b><span style=\"font-weight: 400;\"> za jeden z najwa\u017cniejszych materia\u0142\u00f3w dokumentuj\u0105cych wojn\u0119 w Ukrainie. Dodatkowo jej prace znalaz\u0142y si\u0119 w publikacji <\/span><b>\u201eUkraine: Love + War (2014\u20132024)\u201d<\/b><span style=\"font-weight: 400;\">, kt\u00f3ra jest efektem presti\u017cowej <\/span><b>FotoEvidence Book Award 2024<\/b><span style=\"font-weight: 400;\">.<\/span><\/li>\n<li style=\"font-weight: 400;\" aria-level=\"1\"><b>Bartosz Seifert<\/b><span style=\"font-weight: 400;\"> zdoby\u0142 <\/span><b>g\u0142\u00f3wn\u0105 nagrod\u0119 w Pozna\u0144skiej Nagrodzie Fotograficznej<\/b><span style=\"font-weight: 400;\"> za cykl pt. <\/span><b>\u201e\u017bycie codzienne mieszka\u0144c\u00f3w barak\u00f3w w rejonie ulicy Opolskiej\u201d<\/b><span style=\"font-weight: 400;\">, w kt\u00f3rym z wyj\u0105tkow\u0105 wra\u017cliwo\u015bci\u0105 uchwyci\u0142 codzienno\u015b\u0107 i wyzwania \u017cycia w trudnych warunkach.<\/span><\/li>\n<li style=\"font-weight: 400;\" aria-level=\"1\"><b>Stanislava Kosti\u0107<\/b>, s\u0142uchaczka Szko\u0142y Dokumentu Pix.House, <b>zaprezentowa\u0142a wystaw\u0119 pt. \u201eCh\u0142opaki od Anio\u0142\u00f3w\u201d,<\/b> kt\u00f3ra zdoby\u0142a uznanie za poruszaj\u0105ce przedstawienie tematu bliskiego codziennemu \u017cyciu i spo\u0142eczno\u015bciom lokalnym.<\/li>\n<\/ul>\n<p>&nbsp;<\/p>\n\n<p>&nbsp;<\/p>\n<h4>#MOTYWACJA i WSPARCIE | Konkurs Talent Roku<\/h4>\n<hr \/>\n<p><span style=\"font-weight: 400;\">9. edycja konkursu <strong>TALENT ROKU<\/strong> cieszy\u0142a si\u0119 du\u017cym zainteresowaniem, gromadz\u0105c<\/span><b> 160 zg\u0142osze\u0144<\/b><span style=\"font-weight: 400;\"> z ca\u0142ej Polski. Jak co roku, konkurs skierowany by\u0142 do debiutuj\u0105cych\/m\u0142odych fotograf\u00f3w dokumentalist\u00f3w, a jego celem by\u0142o nie tylko wyr\u00f3\u017cnienie talent\u00f3w, ale przede wszystkim wsparcie ich w realizacji projekt\u00f3w fotograficznych.\u00a0<\/span><\/p>\n<p><span style=\"font-weight: 400;\">Konkurs zorganizowali\u015bmy w 3 kategoriach: <\/span><b>ZinCall<\/b><span style=\"font-weight: 400;\">, <\/span><b>Scholar<\/b><span style=\"font-weight: 400;\"> i <\/span><b>CuratorLab<\/b><span style=\"font-weight: 400;\">, kt\u00f3re oferuj\u0105 uczestnikom zar\u00f3wno nagrody finansowe, jak i wsparcie merytoryczne.\u00a0<\/span><\/p>\n<p><span style=\"font-weight: 400;\">Jury w sk\u0142adzie: <\/span><b>Rafa\u0142 Milach, Magda Benda, Krzysiek Or\u0142owski, Anna Molter i Adrian Wykrota<\/b><span style=\"font-weight: 400;\"> wy\u0142oni\u0142o zwyci\u0119zc\u00f3w i osoby wyr\u00f3\u017cnione<\/span><span style=\"font-weight: 400;\">:<\/span><\/p>\n<h5><\/h5>\n<h5><strong>KATEGORIA SCHOLAR<\/strong><\/h5>\n<h6><strong>zwyci\u0119zca<\/strong><\/h6>\n<p><b>Anew (Od nowa)<\/b><\/p>\n<h5>Pawe\u0142 Starzec<\/h5>\n<h6><em>nagroda: stypendium 6.000 z\u0142 na doko\u0144czenie projektu fotograficznego<\/em><\/h6>\n<p>&nbsp;<\/p>\n\n<p>&nbsp;<\/p>\n<p>&nbsp;<\/p>\n<h6><b>wyr\u00f3\u017cnienie<\/b><\/h6>\n<p><b>It\u2019s not even my final form<\/b><\/p>\n<h5><strong>Marek Kita<\/strong><\/h5>\n<h6><em>warsztaty edycyjne \/ zinowe, zestaw publikacji PIX.HOUSE<\/em><\/h6>\n<p>&nbsp;<\/p>\n\n<h5><\/h5>\n<h5>KATEGORIA ZINCALL<\/h5>\n<h6><strong>zwyci\u0119zca<\/strong><\/h6>\n<p><b>0169-8629 5223-01750<\/b><\/p>\n<h5>Karol Szymkowiak<\/h5>\n<h6><strong><em>nagroda: konsultacja projektu, wydanie zina\/ma\u0142ej publikacji do kwoty 10.000 z\u0142 (prace projektowe i redakcyjne, druk), oraz warsztaty edycyjne \/ zinowe<br \/>\n<\/em><\/strong><\/h6>\n<p>&nbsp;<\/p>\n\n<h6><b>wyr\u00f3\u017cnienie<\/b><\/h6>\n<p><b>MAMA<\/b><\/p>\n<h5>Kristina Visotskaya<\/h5>\n<h6><em>nagroda: warsztaty edycyjne \/ zinowe, zestaw publikacji PIX.HOUSE<\/em><\/h6>\n\n<p>&nbsp;<\/p>\n<h6><b>wyr\u00f3\u017cnienie<\/b><\/h6>\n<p><b>Cz\u0142owiek z Krwi i Ko\u015bci<\/b><\/p>\n<h5>Wojtek Chrubasik<\/h5>\n<h6><em>nagroda: warsztaty edycyjne \/ zinowe, zestaw publikacji PIX.HOUSE<\/em><\/h6>\n\n<h5><\/h5>\n<h5>KATEGORIA CURATORLAB<\/h5>\n<h6><strong>zwyci\u0119\u017cczyni<\/strong><\/h6>\n<p><b>***<\/b><\/p>\n<h5>Anka Jaworska<\/h5>\n<h6><em>nagroda: dofinansowanie koszt\u00f3w organizacji wystawy w galerii Pix.house (produkcja, dojazdy, teksty, druk) do kwoty 6000 z\u0142, wsparcie kuratorskie i promocyjne wystawy w kana\u0142ach Pix.house oraz warsztaty edycyjne \/ zinowe<br \/>\n<\/em><\/h6>\n<p>&nbsp;<\/p>\n\n<p>&nbsp;<\/p>\n<h6><b>wyr\u00f3\u017cnienie<\/b><\/h6>\n<p><b>Betonium<\/b><\/p>\n<h5>Katerina Kouzmitcheva<\/h5>\n<h6><em>nagroda: zaproszenie do zorganizowania spotkania autorskiego \/ premiery publikacji i prezentacji wystawy \/ pokazu zdj\u0119\u0107 w galerii Pix.house<\/em><\/h6>\n\n<p>&nbsp;<\/p>\n<p>&nbsp;<\/p>\n<p>&nbsp;<\/p>\n<h4>#INSPIRACJA I INTEGRACJA<\/h4>\n<hr \/>\n<p style=\"text-align: justify;\">Szereg dzia\u0142a\u0144 edukacyjnych w ramach 9. edycji spotka\u0144 partycypacyjnych wok\u00f3\u0142 fotografii i ksi\u0105\u017cek fotograficznych <strong>XPRINT<\/strong>. Jesieni\u0105 go\u015bcili\u015bmy <strong>Ann\u0119 Bedy\u0144sk\u0105<\/strong> &#8211; fotografk\u0119, dokumentalistk\u0119, zdobywczyni\u0119 nagrody World Press Photo. Podczas rezydencji artystycznej zwi\u0105zanej z jej projektem \u201eForever Mine\u201d skupili\u015bmy si\u0119 na <strong>PROCESIE<\/strong> tworzenia. By\u0142 to czas spotka\u0144, wsp\u00f3lnej pracy nad aran\u017cacj\u0105 wystawy, warsztat\u00f3w z opowiadania historii za pomoc\u0105 fotografii. Zorganizowali\u015bmy r\u00f3wnie\u017c warsztaty w\u0142asnor\u0119cznego tworzenia publikacji z Mart\u0105 Tomiak. Odby\u0142y si\u0119 tak\u017ce warsztaty edycyjne z Krzy\u015bkiem Or\u0142owskim, a tak\u017ce konsultacje projekt\u00f3w z ekip\u0105 Pix.house. Wszystkie te wydarzenia by\u0142y bezp\u0142atne i otwarte dla zainteresowanych.<\/p>\n<p>&nbsp;<\/p>\n\n<p>&nbsp;<\/p>\n<h4>#EDUKACJA TEORETYCZNA \/ WYDAWNICTWO PIX.HOUSE<\/h4>\n<hr \/>\n<p>W ramach projektu PIX.LAB wydali\u015bmy publikacj\u0119 <strong>Anny Bedy\u0144skiej<\/strong> &#8222;Forever Mine&#8221; opowiadaj\u0105ca o uprowadzeniach rodzicielskich (makieta ksi\u0105\u017cki by\u0142a wielokrotnie nagradzana w \u015bwiatowych konkursach). Pod koniec 2024 roku publikacja zosta\u0142a nominowana w kategorii &#8222;Fotograficzna publikacja roku&#8221; w 20. Plebiscycie Fotopolis.pl.<\/p>\n<p>&nbsp;<\/p>\n\n<p>&nbsp;<\/p>\n<p>Nasze publikacje trafi\u0142y do kurator\u00f3w oraz do kilkunastu polskich i zagranicznych o\u015brodk\u00f3w zajmuj\u0105cych si\u0119 fotografi\u0105 m.in. do: PhotoBook Journal (USA), Institutu tv\u016fr\u010d\u00ed fotografie w Opavie (Czechy), Stredoeur\u00f3psky dom fotografie w Bratys\u0142awie (S\u0142owacja), Fundacji Archeologii Fotografii, Galerii Fotografii Miasta Rzeszowa, Galerii Wozownia w Toruniu, do wroc\u0142awskiego Zak\u0142adu Narodowego im. Ossoli\u0144skich, Muzeum Fotografii w Krakowie, Katedry Fotografii ASP Gda\u0144sk, School of Form, a tak\u017ce na Wydzia\u0142 Pedagogiczno Artystyczny UAM.<\/p>\n<p>&nbsp;<\/p>\n<p><span style=\"font-weight: 400;\">Publikacje wydawnictwa Pix.House (2024):<\/span><\/p>\n<p>&nbsp;<\/p>\n<p><b><i>BEZKONIEC<\/i><\/b><b> | MA\u0141GORZATA SMIESZEK, ADAM KASPERKIEWICZ, JAROS\u0141AW JAN HEMMERLING<\/b><\/p>\n<p><span style=\"font-weight: 400;\">Publikacja stworzona przez absolwent\u00f3w Szko\u0142y Dokumentu Pix.house pod kierunkiem Mariusza Foreckiego.<\/span><\/p>\n<p><b>Projekt graficzny: <\/b><span style=\"font-weight: 400;\">Krzysiek Or\u0142owski \/ Zinteka<\/span><span style=\"font-weight: 400;\"><br \/>\n<\/span><\/p>\n<p>&nbsp;<\/p>\n<p><b><i>M\u00d3J FYRTEL 2024\u00a0<\/i><\/b><\/p>\n<p><span style=\"font-weight: 400;\">Zin powarsztatowy, b\u0119d\u0105cy efektem rocznej pracy uczestnik\u00f3w warsztat\u00f3w \u201eM\u00f3j Fyrtel \/ Moja Przestrze\u0144<\/span><\/p>\n<p><b>Projekt graficzny: <\/b><span style=\"font-weight: 400;\">Krzysiek Or\u0142owski \/ Zinteka<\/span><\/p>\n<p>&nbsp;<\/p>\n<p><b><i>0169-8629 5223-01750<\/i><\/b><b> | KAROL SZYMKOWIAK<\/b><\/p>\n<p><span style=\"font-weight: 400;\">Zwyci\u0119ski projekt w kategorii ZinCall w konkursie <\/span><b>Talent Roku 2024<\/b><\/p>\n<p><b>Projekt graficzny:<\/b> Krzysiek Or\u0142owski <span style=\"font-weight: 400;\">\/ Zinteka<\/span> i Karol Szymkowiak<\/p>\n<p>&nbsp;<\/p>\n<p><b><i>FOREVER MINE <\/i><\/b><b>| ANNA BEDY\u0143SKA<\/b><\/p>\n<p><b>Projekt graficzny:<\/b> Anna Bedy\u0144ska, Andrzej Dobosz \/ dobosz.studio<\/p>\n<h4><\/h4>\n<p>W 2024 roku obj\u0119li\u015bmy <strong>patronatem<\/strong> wydanie dw\u00f3ch ksi\u0105\u017cek:<\/p>\n<ul>\n<li style=\"font-weight: 400;\" aria-level=\"1\"><b>\u201ePrzemiany 1960\u20131989\u201d | Janusz Chlasta<\/b><b><br \/>\n<\/b><span style=\"font-weight: 400;\">Edycja: Mariusz Forecki, projekt graficzny: Andrzej Dobosz (dobosz.studio)<\/span><\/li>\n<li style=\"font-weight: 400;\" aria-level=\"1\"><b>\u201e\u017bycia nigdy do\u015b\u0107\u201d | Arkadiusz Gola<\/b><b><br \/>\n<\/b><span style=\"font-weight: 400;\"><span style=\"font-weight: 400;\">Edycja: Mariusz Forecki, projekt graficzny: Andrzej Dobosz (dobosz.studio)<\/span><\/span><\/li>\n<\/ul>\n<p>&nbsp;<\/p>\n\n<p>&nbsp;<\/p>\n<h4><\/h4>\n<h4>#WSP\u00d3\u0141PRACA \/ INKUBATOR INICJATYW FOTOGRAFICZNYCH<\/h4>\n<hr \/>\n<p>W ramach <strong>Inkubatora<\/strong> udost\u0119pnimy galeri\u0119 na <strong>5 wystaw fotograficznych<\/strong>. Zorganizowali\u015bmy spotkanie sieciuj\u0105ce inicjatywy fotograficzne z ca\u0142ej Polski. Prowadzili\u015bmy tak\u017ce ca\u0142oroczn\u0105 dzia\u0142alno\u015b\u0107 Archiwum Spo\u0142ecznego Pix.house.<\/p>\n<ul>\n<li>24 lutego odby\u0142 si\u0119 wernisa\u017c wystawy i premiera publikacji \u201e<strong>Bezkoniec<\/strong>\u201d autorstwa Ma\u0142gorzaty Smieszek, Adama Kasperkiewicza i Jaros\u0142awa Jana Hemmerlinga. Wydarzenie by\u0142o po\u0142\u0105czone ze spotkaniem z Tomaszem Tomaszewskim wok\u00f3\u0142 jego ksi\u0105\u017cki \u201e\u015awiat jest tam, gdzie si\u0119 zatrzyma\u0142e\u015b\u201d<\/li>\n<\/ul>\n<p>&nbsp;<\/p>\n<ul>\n<li>Podczas <strong>Pozna\u0144 Art Week 2024<\/strong> w ramach IFF zorganizowali\u015bmy szereg wydarze\u0144:<\/li>\n<\/ul>\n<p>26 maja mia\u0142o miejsce spotkanie z <strong>Hubertem Humk\u0105<\/strong> wok\u00f3\u0142 jego ksi\u0105\u017cki \u201eEternal U\u201d, wystawa publikacji oraz spotkanie z wydawnictwem <strong>Blow Up Press<\/strong>. Tego dnia odby\u0142a si\u0119 r\u00f3wnie\u017c premiera projektu i publikacji \u201eBetonium\u201d autorstwa <strong>Kateriny Kouzmitchevej,<\/strong> wyr\u00f3\u017cnionej w konkusie Talent Roku 2024.<\/p>\n<ul>\n<li>W czerwcu w Pix.house zaprezentowali\u015bmy trzy wystawy dyplomowe student\u00f3w Wydzia\u0142u Fotografii Uniwersytetu Artystycznego w Poznaniu:<br \/>\n\u201eGirlhood\u201d <strong>Mai Szewczykowskiej<\/strong><br \/>\n\u201eRe-Experience\u201d <strong>Kamila Roma\u0144skiego<\/strong><br \/>\n\u201eWyobra\u017cam sobie nieprzejrzysto\u015b\u0107\u201d <strong>Aleksandry Kro\u015bniak<\/strong><\/li>\n<li>11\u201313 czerwca w ramach <strong>III Og\u00f3lnopolskiego Biennale Fotografii U\u017cytkowej<\/strong> w naszej galerii odby\u0142a si\u0119 wystawa pokonkursowa i wr\u0119czenie nagr\u00f3d.<\/li>\n<li>12 lipca wsp\u00f3\u0142organizowali\u015bmy autorski pokaz filmowy \u201e<strong>Mutyzm<\/strong>\u201d, stworzony przez student\u00f3w i studentki Wydzia\u0142u Fotografii Uniwersytetu Artystycznego im. Magdaleny Abakanowicz w Poznaniu.<\/li>\n<\/ul>\n<p>&nbsp;<\/p>\n<ul>\n<li>Listopad by\u0142 kulminacj\u0105 naszych dzia\u0142a\u0144 w Pix.house, wype\u0142nionych dyskusjami, premierami i spotkaniami. By\u0142o to tak\u017ce podsumowanie dzia\u0142a\u0144 Inkubatora. Oby\u0142o si\u0119 <strong>spotkanie sieciuj\u0105ce <em>Edukacja Fotograficzna \u2013 Edukacja poprzez Fotografi\u0119<\/em><\/strong>. By\u0142a to dyskusja przedstawicielek i przedstawicieli \u015brodowiska akademickiego, animacyjnego i kulturotw\u00f3rczego. Uczestnikami panelu byli: dr Agnieszka Babi\u0144ska (ASP w Gda\u0144sku), dr Pawe\u0142 Starzec (School of Form), Jakub Dziewit, Jadwiga Janowska (UJD w Cz\u0119stochowie), prof. UAP dr hab. Jaros\u0142aw Klup\u015b, dr Kamila Kobierzy\u0144ska (UAP Pozna\u0144), Julia Stachura, dr Maciej Fr\u0105ckowiak, prof. UAM dr hab. Maciej Szymanowicz, dr Adrian Wykrota (UAM Pozna\u0144), Tobiasz Jankowiak, Aleksandra Polerowicz, Mateusz Kiszka (Dzia\u0142 Sztuk Wizualnych WBPiCAK Pozna\u0144).<\/li>\n<\/ul>\n<p>&nbsp;<\/p>\n<p>W ramach Inkubatora zainicjowali\u015bmy projekt <strong>instaTAKEOVER_pix.house<\/strong>, kt\u00f3ry jest rozwini\u0119ciem naszych dzia\u0142a\u0144 wspieraj\u0105cych m\u0142odych tw\u00f3rc\u00f3w fotografii dokumentalnej. Raz w miesi\u0105cu oddawali\u015bmy nasze konto na Instagramie w r\u0119ce jednej artystki lub artysty, kt\u00f3rzy przez pi\u0119\u0107 dni dzielili si\u0119 swoj\u0105 tw\u00f3rczo\u015bci\u0105, inspiracjami i kulisami pracy nad projektami.<\/p>\n<p>W ramach tej inicjatywy Instagram Pix.house przej\u0119\u0142o <strong>11 m\u0142odych tw\u00f3rc\u00f3w<\/strong>, w tym: Magda Benda, Agnieszka Wanat, Wojciech Chrubasik, Aleksandra Mr\u00f3wczy\u0144ska, Aleksandra Kossowska, Agnieszka Nowacka-Witczak, Paulina Korobkiewicz, Konrad Dobrucki, Ma\u0142gorzata Smieszek, Jaros\u0142aw Jan Hemmerling i Katerina Kouzmitcheva. Ka\u017cda osoba wnios\u0142a sw\u00f3j unikalny g\u0142os, pokazuj\u0105c, jak r\u00f3\u017cnorodna i wa\u017cna jest wsp\u00f3\u0142czesna fotografia dokumentalna.<\/p>\n<p>&nbsp;<\/p>\n<p>Przez ca\u0142y rok dzia\u0142a\u0142o <strong>Archiwum Spo\u0142eczne Pix.house<\/strong> prowadzone przez Mariusza Foreckiego.<\/p>\n<p>&nbsp;<\/p>\n\n<p>&nbsp;<\/p>\n<p>Przy realizacji naszych dzia\u0142a\u0144 stawiamy na efektywn\u0105 <strong>wsp\u00f3\u0142prac\u0119<\/strong> z podmiotami i instytucjami z Poznania, Wielkopolski oraz ca\u0142ej Polski i Europy. Szeroki zakres aktywno\u015bci oraz ich otwarto\u015b\u0107 pozwalaj\u0105 nam wsp\u00f3\u0142pracowa\u0107 z licznymi partnerami &#8211; zar\u00f3wno z obszaru kultury, jak i dzia\u0142a\u0144 spo\u0142ecznych. Dobra wsp\u00f3\u0142praca to dla nas klucz do realizacji warto\u015bciowych projekt\u00f3w. W roku 2024 uda\u0142o nam si\u0119 intensywnie promowa\u0107 pozna\u0144skie dzia\u0142ania wok\u00f3\u0142 fotografii w ca\u0142ym kraju. Byli\u015bmy cz\u0119\u015bci\u0105: 7. Wielkopolskiego Festiwalu Fotografii im. I. Zje\u017cd\u017ca\u0142ki: \u201eWobec wody\u201d, Pozna\u0144 Art Week 2024, Festiwalu Fotografii \u201eMoment.Poczekaj\u201d, Fotofestiwalu w \u0141odzi, Rybnik Fotofestiwalu, \u201ePatrz!Szeroko\u201d &#8211; VI Rzeszowskiego Weekendu Fotografii.<\/p>\n<p>Nasze publikacje by\u0142y prezentowane na r\u00f3\u017cnorodnych wydarzeniach, takich jak The Polish Proto Brunch podczas Les Rencontres de la Photographie w Arles, Fotofestiwal \u0141\u00f3d\u017a, Rybnik Fotofestiwal, Pozna\u0144ska Nagroda Fotograficzna oraz wystawie ksi\u0105\u017cek fotograficznych Paper Photo. Prolog w Galerii Pusta w Katowicach.<\/p>\n<p>&nbsp;<\/p>\n<p>&nbsp;<\/p>\n<p><strong>Wydarzenia<\/strong>, w kt\u00f3rych wzi\u0119li\u015bmy udzia\u0142 w tym roku:<\/p>\n<ul>\n<li>Adrian Wykrota wzi\u0105\u0142 udzia\u0142 w spotkaniu \u201eStrony fotografii: (od)czytanie fotografii\u201d, zorganizowanego przez Bibliotek\u0119 Raczy\u0144skich i Wojew\u00f3dzk\u0105 Bibliotek\u0119 Publiczn\u0105 i Centrum Animacji Kultury w Poznaniu<\/li>\n<li>Micha\u0142 Adamski i Adrian Wykrota wzi\u0119li udzia\u0142 w spotkaniu autorskim w Pracowni Du\u017cy Pok\u00f3j\/Zinownia w Warszawie, po\u015bwi\u0119cone pracy nad publikacjami fotograficznymi<\/li>\n<li>Adrian Wykrota go\u015bci\u0142 w Galerii Sztuki im. Jana Tarasina w Kaliszu, gdzie opowiada\u0142 o swoich projektach i do\u015bwiadczeniach zwi\u0105zanych z fotografi\u0105 dokumentaln\u0105<\/li>\n<li>w Muzeum Fotografii w Krakowie odby\u0142o si\u0119 spotkanie \u201eSztuka poza sztuk\u0105? Fotografia dokumentalna w Polsce\u201d, podczas kt\u00f3rego Adrian Wykrota i Joanna Kinowska rozmawiali o znaczeniu fotografii dokumentalnej w kontek\u015bcie sztuki<\/li>\n<li>Micha\u0142 Adamski wzi\u0105\u0142 udzia\u0142 w wydarzeniu \u201eZ bliska \u2013 Spotkania z fotografi\u0105 uliczn\u0105 i dokumentaln\u0105\u201d we Wroc\u0142awiu, dziel\u0105c si\u0119 refleksjami na temat dokumentowania codzienno\u015bci i miejskiego \u017cycia.<\/li>\n<li>Anna Molter i Adrian Wykrota uczestniczyli w IV Koszali\u0144skim Kongresie Kultury, prowadz\u0105c spotkanie pt. \u201eO budowaniu relacji. 10 lat Pix.House\u201d, podsumowuj\u0105ce dekad\u0119 dzia\u0142alno\u015bci fundacji i jej wp\u0142yw na spo\u0142eczno\u015b\u0107 fotograficzn\u0105.<\/li>\n<li>w listopadzie odby\u0142o si\u0119 spotkanie organizowane przez Sk\u0142ad Kulturalny &#8222;Fotografia jako j\u0119zyk komunikacji&#8217; w kt\u00f3rym wzi\u0119li udzia\u0142 Maciej Fr\u0105ckowiak i Adrian Wykrota<\/li>\n<\/ul>\n<p>Uczestnictwo w tak wielu spotkaniach, dyskusjach i rozmowach by\u0142o dla nas wa\u017cnym krokiem w budowaniu spo\u0142eczno\u015bci wok\u00f3\u0142 fotografii dokumentalnej i wzmacnianiu relacji bazuj\u0105cej na wsp\u00f3\u0142pracy.<\/p>\n<p>&nbsp;<\/p>\n\n<p>&nbsp;<\/p>\n<h4>#WYSTAWY<\/h4>\n<hr \/>\n<p><span style=\"font-weight: 400;\">Wystawy organizowane w Galerii Pix.house\u00a0<\/span><\/p>\n<p>&nbsp;<\/p>\n<p><span style=\"font-weight: 400;\">BEZKONIEC | <strong>MA\u0141GORZATA SMIESZEK<\/strong>, <strong>ADAM KASPERKIEWICZ<\/strong>, <strong>JAROS\u0141AW JAN HEMMERLING<\/strong><\/span><\/p>\n<p><span style=\"font-weight: 400;\">24.02 &#8211; 28.04 2024<\/span><\/p>\n<p>&nbsp;<\/p>\n<p><span style=\"font-weight: 400;\"><strong>WYSTAWY DYPLOMOWE<\/strong> OS\u00d3B STUDIUJ\u0104CYCH NA WYDZIALE FOTOGRAFII UNIWERSYTETU ARTYSTYCZNEGO W POZNANIU:<\/span><\/p>\n<p><span style=\"font-weight: 400;\">GIRLHOOD | <strong>MAJA SZEWCZYKOWSKA<\/strong> | 05.06 \u2013 09.06.2024<\/span><\/p>\n<p><span style=\"font-weight: 400;\">RE-EXPERIENCE | <strong>KAMIL ROMA\u0143SKI<\/strong>\u00a0 | 15-17.06.2024<\/span><\/p>\n<p><span style=\"font-weight: 400;\">WYOBRA\u017bAM SOBIE NIEPRZEJRZYSTO\u015a\u0106 |\u00a0 <strong>ALEKSANDRA KRO\u015aNIAK<\/strong> | 18-22.06.2024<\/span><\/p>\n<p>&nbsp;<\/p>\n<p><span style=\"font-weight: 400;\"><strong>WYSTAWA POKONKURSOWA<\/strong> III OG\u00d3LNOPOLSKIE BIENNALE FOTOGRAFII U\u017bYTKOWEJ | 11-13.06<\/span><\/p>\n<p>&nbsp;<\/p>\n<p><span style=\"font-weight: 400;\">FOREVER MINE | <strong>ANNA BEDY\u0143SKA<\/strong>\u00a0<\/span><\/p>\n<p><span style=\"font-weight: 400;\">25.09 &#8211; 09.10.2024<\/span><\/p>\n<p>&nbsp;<\/p>\n<p><span style=\"font-weight: 400;\">JAK SYZYF Z M\u0118\u017bYKA JEZIORA PO\u0141\u0104CZY\u0141 | <strong>MICHA\u0141 ADAMSKI<\/strong><\/span><\/p>\n<p><em><span style=\"font-weight: 400;\">WYSTAWA W RAMACH 7. WIELKOPOLSKI FESTIWAL FOTOGRAFII IM. I. ZJE\u017bD\u017bA\u0141KI \u2013 WOBEC WODY<\/span><\/em><span style=\"font-weight: 400;\"><br \/>\n<\/span><span style=\"font-weight: 400;\">19.10\u20138.11.2024<\/span><\/p>\n<p>&nbsp;<\/p>\n<p><span style=\"font-weight: 400;\">CA\u0141Y DOT\u0104D NIEDOSTRZEGANY GWAR \u015aWIATA | <strong>ANKA JAWORSKA\u00a0<\/strong><\/span><\/p>\n<p><span style=\"font-weight: 400;\">(NAGRODA W KONKURSIE TALENT ROKU 2024)<\/span><span style=\"font-weight: 400;\"><br \/>\n<\/span><span style=\"font-weight: 400;\">22.11 &#8211; 18.12. 2024<\/span><\/p>\n<p>&nbsp;<\/p>\n<p><strong>Wystawy wsp\u00f3\u0142organizowane:<\/strong><\/p>\n<p>&nbsp;<\/p>\n<p>PRACH | <b>Mariusz Forecki<\/b><\/p>\n<p><span style=\"font-weight: 400;\">Miejsce: Galeria 400 ASA, Praga<\/span><span style=\"font-weight: 400;\"><br \/>\n<\/span><span style=\"font-weight: 400;\">Termin: 26.06.2024 &#8211; 14.09.2024<\/span><\/p>\n<p>&nbsp;<\/p>\n<p>Dystans | <b>Mariusz Forecki<\/b><b>, Mariusz Stachowiak, Zbigniewa Wielgosz<\/b><\/p>\n<p><span style=\"font-weight: 400;\">WYSTAWA PLENEROWA we wsp\u00f3\u0142pracy z Pix.house<\/span><\/p>\n<p><span style=\"font-weight: 400;\">Miejsce: Galeria P\u0142ot, Lubo\u0144<\/span><\/p>\n<p><span style=\"font-weight: 400;\">Termin: 08. 2024<\/span><\/p>\n<p>&nbsp;<\/p>\n<p>United We Stand\u00a0 |<b> Micha\u0142 Adamski<\/b><\/p>\n<p><span style=\"font-weight: 400;\">W ramach Festiwalu Film\u00f3w Europy \u015arodkowej i Wschodniej CinEast Festival\u00a0<\/span><\/p>\n<p><span style=\"font-weight: 400;\">Miejsce: Neim\u00ebnster, Luksemburg<\/span><span style=\"font-weight: 400;\"><br \/>\n<\/span><span style=\"font-weight: 400;\">Termin: 03.10.2024 &#8211; 20.10.2024<\/span><\/p>\n<p>&nbsp;<\/p>\n<p>ODBICIE |<b> Adrian Wykrota<\/b><\/p>\n<p><span style=\"font-weight: 400;\">Instalacja &#8222;Jaka Pi\u0119kna Katastrofa &#8211; ZMIANY&#8221;<\/span><\/p>\n<p><span style=\"font-weight: 400;\">Wystawa student\u00f3w i wyk\u0142adowc\u00f3w kierunku Edukacja artystyczna w zakresie sztuk plastycznych WP-A UAM w Kaliszu w ramach 7. Wielkopolski Festiwal Fotografii im. I. Zje\u017cd\u017ca\u0142ki \u2013 Wobec Wody.<\/span><span style=\"font-weight: 400;\"><br \/>\n<\/span><span style=\"font-weight: 400;\">Miejsce: Wydzia\u0142 Pedagogiczno-Artystyczny w Kaliszu<\/span><span style=\"font-weight: 400;\"><br \/>\n<\/span><span style=\"font-weight: 400;\">Termin: 09.10 &#8211; 18.10<\/span><\/p>\n<p>&nbsp;<\/p>\n<p>KURZ. EWOLUCJA IMPERIUM | <b>Mariusz Forecki<\/b><\/p>\n<p><span style=\"font-weight: 400;\">Miejsce: Galeria Opera w Ostrawie <\/span><span style=\"font-weight: 400;\"><br \/>\n<\/span><span style=\"font-weight: 400;\">Termin: 10.10.2024 &#8211; 11.12.2024<\/span><\/p>\n<p>&nbsp;<\/p>\n<p>PREKARIUSZE I CELEBRYCI |<b> Mariusz Forecki<br \/>\n<\/b><span style=\"font-weight: 400;\">w ramach <\/span><i><span style=\"font-weight: 400;\">\u201ePatrz!Szeroko\u201d<\/span><\/i><span style=\"font-weight: 400;\"> &#8211; VI Rzeszowskiego Weekendu Fotografii\u00a0<\/span><\/p>\n<p><span style=\"font-weight: 400;\">Miejsce: Biuro Wystaw Artystycznych, Rzesz\u00f3w<\/span><span style=\"font-weight: 400;\"><br \/>\n<\/span><span style=\"font-weight: 400;\">Termin: 25.10.2024 &#8211; 10.11.2024<\/span><\/p>\n<p>&nbsp;<\/p>\n<p>SZTUKATERIE &#8211; OBLICZA ALTERNATYWY | <strong>Katarzyna Gra\u017cewicz\u00a0<\/strong><\/p>\n<p>Miejsce: Targowisko Miejskie, Drawsko Pomorskie<\/p>\n<p>Termin: 21.11 &#8211; 5.12. 2024<\/p>\n<p>&nbsp;<\/p>\n<p>&nbsp;<\/p>\n\n<p>&nbsp;<\/p>\n<p>&nbsp;<\/p>\n<h4>Laurki<\/h4>\n<hr \/>\n<p style=\"text-align: justify;\">Ksi\u0105\u017cka Adriana Wykroty &#8222;Szutka poza sztuk\u0105?&#8221; zosta\u0142a nominowana w plebiscycie Fotopolis, znalaz\u0142a si\u0119 na shortli\u015bcie Fotograficznej Publikacji Roku, otrzyma\u0142a Nagrod\u0119 Prezydenta Miasta Poznania za Najlepsz\u0105 Ksi\u0105\u017ck\u0119 Popularnonaukow\u0105 na Pozna\u0144skich Targach Ksi\u0105\u017cki 2024. Publikacja &#8222;Ciemno w dzie\u0144. Ciemno w nocy&#8221; Micha\u0142a Adamskiego otrzyma\u0142a wyr\u00f3\u017cnienie w konkursie Fotograficzna Publikacja Roku na Festiwalu Fotografii w \u0141odzi, a ksi\u0105\u017cka Anny Bedy\u0144skiej &#8222;Forever Mine&#8221; zosta\u0142a nominowana w kategorii Fotograficzna publikacja roku w 20. Plebiscycie Fotopolis.pl. Wymienione publikacje zosta\u0142y zaprojektowane przez Andrzeja Dobosza (https:\/\/dobosz.studio\/). Za zestaw &#8222;Krajobrazy rozliczne&#8221; Micha\u0142 Adamski otrzyma\u0142 nagrod\u0119 w kategorii &#8222;Klimat i \u015arodowisko&#8221; w konkursie Wielkopolska DOC 2024. \u00a0Mariusz Forecki obroni\u0142 prac\u0119 doktorsk\u0105 na Instytucie Tw\u00f3rczej Fotografii Uniwersytetu \u015al\u0105skiego w czeskiej Opawie, a Anna Molter obroni\u0142a prac\u0119 dyplomow\u0105: \u201eMiejsce dla fotografii Pix.house jako przyk\u0142ad d\u0142ugoterminowego projektu kulturalno-spo\u0142ecznego realizowanego przez NGO&#8221; na Uniwersytecie Ekonomicznym w Poznaniu.<\/p>\n<p>&nbsp;<\/p>\n<p>&nbsp;<\/p>\n<p>Nasze dzia\u0142ania nie by\u0142yby mo\u017cliwe bez naszych <strong>partner\u00f3w.<br \/>\n<\/strong><\/p>\n<p>&nbsp;<\/p>\n<p style=\"text-align: left;\"><b>Projekt realizowany dzi\u0119ki wsparciu Miasta Pozna\u0144 i Urz\u0119du Marsza\u0142kowskiego Wojew\u00f3dztwa Wielkopolskiego:\u00a0<\/b><\/p>\n<p style=\"text-align: justify;\"><img loading=\"lazy\" decoding=\"async\" class=\"wp-image-26656 alignleft\" src=\"https:\/\/pix.house\/wp-content\/uploads\/2017\/09\/LOGO_POZnan_RGB_JPEG-e1589266011785.jpg\" alt=\"\" width=\"234\" height=\"118\" srcset=\"https:\/\/pix.house\/wp-content\/uploads\/2017\/09\/LOGO_POZnan_RGB_JPEG-e1589266011785.jpg 751w, https:\/\/pix.house\/wp-content\/uploads\/2017\/09\/LOGO_POZnan_RGB_JPEG-e1589266011785-300x151.jpg 300w, https:\/\/pix.house\/wp-content\/uploads\/2017\/09\/LOGO_POZnan_RGB_JPEG-e1589266011785-600x302.jpg 600w, https:\/\/pix.house\/wp-content\/uploads\/2017\/09\/LOGO_POZnan_RGB_JPEG-e1589266011785-700x352.jpg 700w\" sizes=\"auto, (max-width: 234px) 100vw, 234px\" \/><\/p>\n<p>&nbsp;<\/p>\n<p><img loading=\"lazy\" decoding=\"async\" class=\"alignnone wp-image-36511\" src=\"https:\/\/pix.house\/wp-content\/uploads\/2023\/06\/logo_herb_poziom_sww_kolor_1-1280x214.png\" alt=\"\" width=\"310\" height=\"52\" \/><\/p>\n<p>&nbsp;<\/p>\n<p>Dzi\u0119kujemy za wsparcie <strong>Postal Steel Group<\/strong>. Pozdrawiamy Iz\u0119 i Mariusza Stolarskich.<\/p>\n<p><img loading=\"lazy\" decoding=\"async\" class=\"alignnone size-full wp-image-23336\" src=\"https:\/\/pix.house\/wp-content\/uploads\/2015\/08\/postal_logo.png\" alt=\"\" width=\"170\" height=\"70\" \/><\/p>\n<p>&nbsp;<\/p>\n<p style=\"text-align: left;\"><strong>Partner technologiczny:\u00a0<\/strong><\/p>\n<p style=\"text-align: left;\"><img loading=\"lazy\" decoding=\"async\" class=\"alignnone wp-image-36539\" src=\"https:\/\/pix.house\/wp-content\/uploads\/2023\/06\/csm_leica-logo-rgb2k_dd0dde8255-300x300.png\" alt=\"\" width=\"78\" height=\"78\" srcset=\"https:\/\/pix.house\/wp-content\/uploads\/2023\/06\/csm_leica-logo-rgb2k_dd0dde8255-300x300.png 300w, https:\/\/pix.house\/wp-content\/uploads\/2023\/06\/csm_leica-logo-rgb2k_dd0dde8255-100x100.png 100w, https:\/\/pix.house\/wp-content\/uploads\/2023\/06\/csm_leica-logo-rgb2k_dd0dde8255-800x800.png 800w, https:\/\/pix.house\/wp-content\/uploads\/2023\/06\/csm_leica-logo-rgb2k_dd0dde8255-1280x1280.png 1280w, https:\/\/pix.house\/wp-content\/uploads\/2023\/06\/csm_leica-logo-rgb2k_dd0dde8255-150x150.png 150w, https:\/\/pix.house\/wp-content\/uploads\/2023\/06\/csm_leica-logo-rgb2k_dd0dde8255-768x768.png 768w, https:\/\/pix.house\/wp-content\/uploads\/2023\/06\/csm_leica-logo-rgb2k_dd0dde8255-1536x1536.png 1536w, https:\/\/pix.house\/wp-content\/uploads\/2023\/06\/csm_leica-logo-rgb2k_dd0dde8255-550x550.png 550w, https:\/\/pix.house\/wp-content\/uploads\/2023\/06\/csm_leica-logo-rgb2k_dd0dde8255-500x500.png 500w, https:\/\/pix.house\/wp-content\/uploads\/2023\/06\/csm_leica-logo-rgb2k_dd0dde8255-1000x1000.png 1000w, https:\/\/pix.house\/wp-content\/uploads\/2023\/06\/csm_leica-logo-rgb2k_dd0dde8255-700x700.png 700w, https:\/\/pix.house\/wp-content\/uploads\/2023\/06\/csm_leica-logo-rgb2k_dd0dde8255-1100x1100.png 1100w, https:\/\/pix.house\/wp-content\/uploads\/2023\/06\/csm_leica-logo-rgb2k_dd0dde8255-1320x1320.png 1320w, https:\/\/pix.house\/wp-content\/uploads\/2023\/06\/csm_leica-logo-rgb2k_dd0dde8255.png 2000w\" sizes=\"auto, (max-width: 78px) 100vw, 78px\" \/><\/p>\n<p style=\"text-align: left;\"><strong><br \/>\nPartnerzy medialni:<\/strong><\/p>\n<p style=\"text-align: left;\"><img loading=\"lazy\" decoding=\"async\" class=\"alignnone wp-image-37455\" src=\"https:\/\/pix.house\/wp-content\/uploads\/2024\/02\/logo_KF-e1707987928608-300x95.png\" alt=\"\" width=\"167\" height=\"53\" srcset=\"https:\/\/pix.house\/wp-content\/uploads\/2024\/02\/logo_KF-e1707987928608-300x95.png 300w, https:\/\/pix.house\/wp-content\/uploads\/2024\/02\/logo_KF-e1707987928608-700x222.png 700w, https:\/\/pix.house\/wp-content\/uploads\/2024\/02\/logo_KF-e1707987928608.png 702w\" sizes=\"auto, (max-width: 167px) 100vw, 167px\" \/>\u00a0 \u00a0 \u00a0 <img loading=\"lazy\" decoding=\"async\" class=\"alignnone wp-image-37452\" src=\"https:\/\/pix.house\/wp-content\/uploads\/2024\/02\/fotopolis_logoBlack-300x78.png\" alt=\"\" width=\"165\" height=\"43\" srcset=\"https:\/\/pix.house\/wp-content\/uploads\/2024\/02\/fotopolis_logoBlack-300x78.png 300w, https:\/\/pix.house\/wp-content\/uploads\/2024\/02\/fotopolis_logoBlack-768x200.png 768w, https:\/\/pix.house\/wp-content\/uploads\/2024\/02\/fotopolis_logoBlack-700x182.png 700w, https:\/\/pix.house\/wp-content\/uploads\/2024\/02\/fotopolis_logoBlack-800x208.png 800w, https:\/\/pix.house\/wp-content\/uploads\/2024\/02\/fotopolis_logoBlack.png 1000w\" sizes=\"auto, (max-width: 165px) 100vw, 165px\" \/><\/p>\n<p>&nbsp;<\/p>\n\n\t\t<\/div> \n\t<\/div> <\/div><\/div><\/div><\/div><\/div><div     class=\"vc_row wpb_row section vc_row-fluid\" style=' text-align:left;'><div class=\"full_section_inner clearfix\"><div class=\"wpb_column vc_column_container vc_col-sm-12\"><div class=\"vc_column-inner\"><div class=\"wpb_wrapper\">\n\t<div class=\"wpb_text_column wpb_content_element\">\n\t\t<div class=\"wpb_wrapper\">\n\t\t\t<p>&nbsp;<\/p>\n<p style=\"text-align: justify;\"><b>Serdecznie dzi\u0119kujemy za ten rok i pozdrawiamy nasz\u0105 wspania\u0142\u0105 publiczno\u015b\u0107!\u00a0<\/b><\/p>\n<p>&nbsp;<\/p>\n<p><strong>Zesp\u00f3\u0142 PIX.HOUSE:<\/strong>\u00a0 Micha\u0142 Adamski, Andrzej Dobosz, Mariusz Forecki, Kasia Gra\u017cewicz, Anna Molter, Adrian Wykrota<\/p>\n<p>&nbsp;<\/p>\n<p>Zdj\u0119cia wykorzystane w podsumowaniu &#8211; archiwum Pix.house oraz dzi\u0119ki uprzejmo\u015bci innych autor\u00f3w i instytucji.<\/p>\n<p>&nbsp;<\/p>\n<p>Koordynacja projekt\u00f3w: Anna Molter, Adrian Wykrota<\/p>\n<p>Koordynacja Inkubatora Dzia\u0142a\u0144 Fotograficznych: Kasia Gra\u017cewicz, Adrian Wykrota<\/p>\n<p>Koordynacja wydawnictw, archiwum spo\u0142ecznego i Szko\u0142y Dokumentu: Mariusz Forecki<\/p>\n<p>Koordynacja dzia\u0142a\u0144 organizacyjnych: Micha\u0142 Adamski<\/p>\n<p>Social media: Kasia Gra\u017cewicz, Micha\u0142 Adamski<\/p>\n<p>Projekty graficzne: Andrzej Dobosz \/ dobosz.studio, Krzysiek Or\u0142owski \/ zinteka<\/p>\n<p>T\u0142umaczenia: Konrad Baranowski<\/p>\n<p>Wsparcie organizacyjne: Bart\u0142omiej Nizio<\/p>\n<p><em>Razem tworzymy miejsce dla fotografii&#8230;<\/em><\/p>\n\n\t\t<\/div> \n\t<\/div> <\/div><\/div><\/div><\/div><\/div>\n<\/div>","protected":false},"excerpt":{"rendered":"Jak min\u0105\u0142 rok 2024 w PIX.HOUSE? Realizowali\u015bmy ca\u0142oroczny projekt pod nazw\u0105: PIX.LAB - edukacyjne laboratorium fotografii\u00a0oraz szereg dzia\u0142a\u0144 w oparciu o fotografi\u0119 dokumentaln\u0105 i spo\u0142ecznie zaanga\u017cowan\u0105. &nbsp; #EDUKACJA i PRAKTYKA | Warsztaty fotografii dokumentalnej M\u00f3j Fyrtel Uczestnicy mieli mo\u017cliwo\u015b\u0107 pracy z Micha\u0142em Adamskim, Mariuszem Foreckim...","protected":false},"author":11,"featured_media":38222,"comment_status":"closed","ping_status":"closed","sticky":false,"template":"","format":"standard","meta":{"_monsterinsights_skip_tracking":false,"_monsterinsights_sitenote_active":false,"_monsterinsights_sitenote_note":"","_monsterinsights_sitenote_category":0,"footnotes":""},"categories":[59],"tags":[],"class_list":["post-38282","post","type-post","status-publish","format-standard","has-post-thumbnail","hentry","category-co-z-ta-fotografia"],"_links":{"self":[{"href":"https:\/\/pix.house\/en\/wp-json\/wp\/v2\/posts\/38282","targetHints":{"allow":["GET"]}}],"collection":[{"href":"https:\/\/pix.house\/en\/wp-json\/wp\/v2\/posts"}],"about":[{"href":"https:\/\/pix.house\/en\/wp-json\/wp\/v2\/types\/post"}],"author":[{"embeddable":true,"href":"https:\/\/pix.house\/en\/wp-json\/wp\/v2\/users\/11"}],"replies":[{"embeddable":true,"href":"https:\/\/pix.house\/en\/wp-json\/wp\/v2\/comments?post=38282"}],"version-history":[{"count":24,"href":"https:\/\/pix.house\/en\/wp-json\/wp\/v2\/posts\/38282\/revisions"}],"predecessor-version":[{"id":38486,"href":"https:\/\/pix.house\/en\/wp-json\/wp\/v2\/posts\/38282\/revisions\/38486"}],"wp:featuredmedia":[{"embeddable":true,"href":"https:\/\/pix.house\/en\/wp-json\/wp\/v2\/media\/38222"}],"wp:attachment":[{"href":"https:\/\/pix.house\/en\/wp-json\/wp\/v2\/media?parent=38282"}],"wp:term":[{"taxonomy":"category","embeddable":true,"href":"https:\/\/pix.house\/en\/wp-json\/wp\/v2\/categories?post=38282"},{"taxonomy":"post_tag","embeddable":true,"href":"https:\/\/pix.house\/en\/wp-json\/wp\/v2\/tags?post=38282"}],"curies":[{"name":"wp","href":"https:\/\/api.w.org\/{rel}","templated":true}]}}