{"id":38668,"date":"2025-02-12T14:59:11","date_gmt":"2025-02-12T13:59:11","guid":{"rendered":"https:\/\/pix.house\/?p=38668"},"modified":"2025-02-12T15:02:50","modified_gmt":"2025-02-12T14:02:50","slug":"mojfyrtel25","status":"publish","type":"post","link":"https:\/\/pix.house\/en\/mojfyrtel25\/","title":{"rendered":"M\u00f3j Fyrtel 2025 | wyniki naboru"},"content":{"rendered":"<div class=\"wpb-content-wrapper\"><div     class=\"vc_row wpb_row section vc_row-fluid\" style=' padding-top:2px; text-align:left;'><div class=\"full_section_inner clearfix\"><div class=\"wpb_column vc_column_container vc_col-sm-12\"><div class=\"vc_column-inner\"><div class=\"wpb_wrapper\">\n\t<div class=\"wpb_text_column wpb_content_element\">\n\t\t<div class=\"wpb_wrapper\">\n\t\t\t<p>Znamy wyniki naboru na dziesi\u0105ta edycj\u0119 warsztat\u00f3w fotografii dokumentalnej <strong>M\u00f3j Fyrtel<\/strong>.\u00a0Otrzymali\u015bmy prawie 100 zg\u0142osze\u0144. Poziom nades\u0142anych prac by\u0142 bardzo wysoki. Gratulujemy wszystkim \u015bwietnych zdj\u0119\u0107, pomys\u0142\u00f3w i ch\u0119ci opowiadania historii z wykorzystaniem medium fotografii!<\/p>\n<p>&nbsp;<\/p>\n<p><img loading=\"lazy\" decoding=\"async\" class=\"aligncenter wp-image-38683 size-full\" src=\"https:\/\/pix.house\/wp-content\/uploads\/2025\/02\/1737615651-paula-mroczkowska-moj-fyrtel-2025-2025.jpeg\" alt=\"\" width=\"2000\" height=\"1333\" srcset=\"https:\/\/pix.house\/wp-content\/uploads\/2025\/02\/1737615651-paula-mroczkowska-moj-fyrtel-2025-2025.jpeg 2000w, https:\/\/pix.house\/wp-content\/uploads\/2025\/02\/1737615651-paula-mroczkowska-moj-fyrtel-2025-2025-300x200.jpeg 300w, https:\/\/pix.house\/wp-content\/uploads\/2025\/02\/1737615651-paula-mroczkowska-moj-fyrtel-2025-2025-1280x853.jpeg 1280w, https:\/\/pix.house\/wp-content\/uploads\/2025\/02\/1737615651-paula-mroczkowska-moj-fyrtel-2025-2025-768x512.jpeg 768w, https:\/\/pix.house\/wp-content\/uploads\/2025\/02\/1737615651-paula-mroczkowska-moj-fyrtel-2025-2025-1536x1024.jpeg 1536w, https:\/\/pix.house\/wp-content\/uploads\/2025\/02\/1737615651-paula-mroczkowska-moj-fyrtel-2025-2025-18x12.jpeg 18w, https:\/\/pix.house\/wp-content\/uploads\/2025\/02\/1737615651-paula-mroczkowska-moj-fyrtel-2025-2025-700x467.jpeg 700w, https:\/\/pix.house\/wp-content\/uploads\/2025\/02\/1737615651-paula-mroczkowska-moj-fyrtel-2025-2025-1100x733.jpeg 1100w, https:\/\/pix.house\/wp-content\/uploads\/2025\/02\/1737615651-paula-mroczkowska-moj-fyrtel-2025-2025-1320x880.jpeg 1320w, https:\/\/pix.house\/wp-content\/uploads\/2025\/02\/1737615651-paula-mroczkowska-moj-fyrtel-2025-2025-800x533.jpeg 800w\" sizes=\"auto, (max-width: 2000px) 100vw, 2000px\" \/><\/p>\n<h5><\/h5>\n<p style=\"text-align: right;\"><em>fot. Paula Mroczkowska<\/em><\/p>\n<h5><strong>Lista os\u00f3b zakwalifikowanych na warsztaty:\u00a0<\/strong><\/h5>\n<p>Bartosz Bisaga, Grzegorz Bukalski, Sylwia Ciszewska-Peciak, Marek Cze\u017cyk, Daniel Frymark, Filip Jakubowski, Damian Ko\u0142odziejczyk, Krzysztof Kubiak, Ania Maksymiuk, Paula Mroczkowska, Martyna Nie\u0107ko, Albert S\u0142owi\u0144ski, Sebastian Szczepanowski, Iwona Walkowiak, Aleksandra Wierzbowska<\/p>\n<p>&nbsp;<\/p>\n<p>Serdecznie gratulujemy!<\/p>\n<p>&nbsp;<\/p>\n<div><\/div>\n<p>&nbsp;<\/p>\n<p>Warsztaty s\u0105 bezp\u0142atne \u2013 odbywaj\u0105 si\u0119 w Poznaniu. We w\u0142asnym zakresie nale\u017cy pokry\u0107 ewentualny dojazd i nocleg.<\/p>\n<p>&nbsp;<\/p>\n<p><strong>Orientacyjne terminy dwudniowych spotka\u0144:<\/strong> 29-30.03 ; 14-15.06 ; 13-14.09; listopad \/ grudzie\u0144 2025 \u2013 premiera publikacji.<\/p>\n<p>Ka\u017cda grupa b\u0119dzie mia\u0142a mo\u017cliwo\u015b\u0107 wzi\u0119cia udzia\u0142u w 40h warsztatowych<br \/>\n(w tym konsultacje indywidualne i przygotowanie materia\u0142\u00f3w do zina).<\/p>\n<p>&nbsp;<\/p>\n<p>Do zobaczenia w Pix.house!<\/p>\n<p>&nbsp;<\/p>\n<p style=\"text-align: justify;\"><b>Organizatorzy:\u00a0<\/b><\/p>\n<p style=\"text-align: justify;\"><span style=\"font-weight: 400;\">Fundacja <strong>Pix.house\u00a0<\/strong><\/span><\/p>\n<p style=\"text-align: justify;\"><span style=\"font-weight: 400;\">koordynacja dzia\u0142a\u0144: Adrian Wykrota<\/span><\/p>\n<p>prowadzenie warsztat\u00f3w: Micha\u0142 Adamski, Mariusz Forecki, Adrian Wykrota<\/p>\n<p>dzia\u0142ania promocyjne i organizacyjne: Katarzyna Gra\u017cewicz<\/p>\n<p>&nbsp;<\/p>\n<p style=\"text-align: justify;\"><img loading=\"lazy\" decoding=\"async\" class=\"wp-image-23802 alignleft\" src=\"https:\/\/pix.house\/wp-content\/uploads\/2016\/10\/pix_logo_bez_tla-copy-e1589265930442.png\" alt=\"\" width=\"127\" height=\"154\" srcset=\"https:\/\/pix.house\/wp-content\/uploads\/2016\/10\/pix_logo_bez_tla-copy-e1589265930442.png 330w, https:\/\/pix.house\/wp-content\/uploads\/2016\/10\/pix_logo_bez_tla-copy-e1589265930442-248x300.png 248w, https:\/\/pix.house\/wp-content\/uploads\/2016\/10\/pix_logo_bez_tla-copy-e1589265930442-300x364.png 300w\" sizes=\"auto, (max-width: 127px) 100vw, 127px\" \/><\/p>\n<p>&nbsp;<\/p>\n<p>&nbsp;<\/p>\n<p>&nbsp;<\/p>\n<p>&nbsp;<\/p>\n<p>&nbsp;<\/p>\n<p style=\"text-align: left;\">Konkurs realizowany w ramach\u00a0 projektu \u201ePIX.LAB &#8211; edukacyjne laboratorium fotografii\u201d &#8211; wsp\u00f3\u0142finansowanie <strong>Miasto Pozna\u0144 <\/strong>oraz <strong>Urz\u0105d Marsza\u0142kowski Wojew\u00f3dztwa Wielkopolskiego<\/strong>.<\/p>\n<p style=\"text-align: left;\"><img loading=\"lazy\" decoding=\"async\" class=\"alignnone wp-image-30064\" src=\"https:\/\/pix.house\/wp-content\/uploads\/2019\/11\/LOGO_POZnan_PL_RGB_PNG-e1605284264424-300x87.png\" alt=\"\" width=\"166\" height=\"48\" srcset=\"https:\/\/pix.house\/wp-content\/uploads\/2019\/11\/LOGO_POZnan_PL_RGB_PNG-e1605284264424-300x87.png 300w, https:\/\/pix.house\/wp-content\/uploads\/2019\/11\/LOGO_POZnan_PL_RGB_PNG-e1605284264424-700x204.png 700w, https:\/\/pix.house\/wp-content\/uploads\/2019\/11\/LOGO_POZnan_PL_RGB_PNG-e1605284264424.png 739w\" sizes=\"auto, (max-width: 166px) 100vw, 166px\" \/>\u00a0 \u00a0 \u00a0 \u00a0\u00a0 <img loading=\"lazy\" decoding=\"async\" class=\"alignnone wp-image-36511\" src=\"https:\/\/pix.house\/wp-content\/uploads\/2023\/06\/logo_herb_poziom_sww_kolor_1-e1686721804995-300x53.png\" alt=\"\" width=\"249\" height=\"44\" srcset=\"https:\/\/pix.house\/wp-content\/uploads\/2023\/06\/logo_herb_poziom_sww_kolor_1-e1686721804995-300x53.png 300w, https:\/\/pix.house\/wp-content\/uploads\/2023\/06\/logo_herb_poziom_sww_kolor_1-e1686721804995-800x141.png 800w, https:\/\/pix.house\/wp-content\/uploads\/2023\/06\/logo_herb_poziom_sww_kolor_1-e1686721804995-1280x225.png 1280w, https:\/\/pix.house\/wp-content\/uploads\/2023\/06\/logo_herb_poziom_sww_kolor_1-e1686721804995-768x135.png 768w, https:\/\/pix.house\/wp-content\/uploads\/2023\/06\/logo_herb_poziom_sww_kolor_1-e1686721804995-1536x270.png 1536w, https:\/\/pix.house\/wp-content\/uploads\/2023\/06\/logo_herb_poziom_sww_kolor_1-e1686721804995-2048x360.png 2048w, https:\/\/pix.house\/wp-content\/uploads\/2023\/06\/logo_herb_poziom_sww_kolor_1-e1686721804995-700x123.png 700w, https:\/\/pix.house\/wp-content\/uploads\/2023\/06\/logo_herb_poziom_sww_kolor_1-e1686721804995-1100x194.png 1100w, https:\/\/pix.house\/wp-content\/uploads\/2023\/06\/logo_herb_poziom_sww_kolor_1-e1686721804995-1320x232.png 1320w\" sizes=\"auto, (max-width: 249px) 100vw, 249px\" \/><\/p>\n<p>&nbsp;<\/p>\n<p style=\"text-align: left;\"><strong>Wsp\u00f3\u0142praca:<br \/>\n<\/strong><br \/>\n<img loading=\"lazy\" decoding=\"async\" class=\"alignnone wp-image-29748\" src=\"https:\/\/pix.house\/wp-content\/uploads\/2019\/07\/Zinteka-png-logo-e1638875522355-295x300.png\" alt=\"\" width=\"89\" height=\"91\" srcset=\"https:\/\/pix.house\/wp-content\/uploads\/2019\/07\/Zinteka-png-logo-e1638875522355-295x300.png 295w, https:\/\/pix.house\/wp-content\/uploads\/2019\/07\/Zinteka-png-logo-e1638875522355-800x813.png 800w, https:\/\/pix.house\/wp-content\/uploads\/2019\/07\/Zinteka-png-logo-e1638875522355-768x781.png 768w, https:\/\/pix.house\/wp-content\/uploads\/2019\/07\/Zinteka-png-logo-e1638875522355-700x712.png 700w, https:\/\/pix.house\/wp-content\/uploads\/2019\/07\/Zinteka-png-logo-e1638875522355-300x305.png 300w, https:\/\/pix.house\/wp-content\/uploads\/2019\/07\/Zinteka-png-logo-e1638875522355.png 1033w\" sizes=\"auto, (max-width: 89px) 100vw, 89px\" \/><\/p>\n<p>&nbsp;<\/p>\n<p style=\"text-align: left;\"><strong>Partner medialny:<\/strong><\/p>\n<p style=\"text-align: left;\">\u00a0 <img loading=\"lazy\" decoding=\"async\" class=\"alignnone wp-image-37452\" src=\"https:\/\/pix.house\/wp-content\/uploads\/2024\/02\/fotopolis_logoBlack-300x78.png\" alt=\"\" width=\"165\" height=\"43\" srcset=\"https:\/\/pix.house\/wp-content\/uploads\/2024\/02\/fotopolis_logoBlack-300x78.png 300w, https:\/\/pix.house\/wp-content\/uploads\/2024\/02\/fotopolis_logoBlack-768x200.png 768w, https:\/\/pix.house\/wp-content\/uploads\/2024\/02\/fotopolis_logoBlack-700x182.png 700w, https:\/\/pix.house\/wp-content\/uploads\/2024\/02\/fotopolis_logoBlack-800x208.png 800w, https:\/\/pix.house\/wp-content\/uploads\/2024\/02\/fotopolis_logoBlack.png 1000w\" sizes=\"auto, (max-width: 165px) 100vw, 165px\" \/><\/p>\n<p>&nbsp;<\/p>\n<p>&nbsp;<\/p>\n<p style=\"text-align: left;\">PIX.HOUSE &#8211; razem tworzymy miejsce dla fotografii!<\/p>\n\n\t\t<\/div> \n\t<\/div> <\/div><\/div><\/div><\/div><\/div>\n<\/div>","protected":false},"excerpt":{"rendered":"Znamy wyniki naboru na dziesi\u0105ta edycj\u0119 warsztat\u00f3w fotografii dokumentalnej M\u00f3j Fyrtel.\u00a0Otrzymali\u015bmy prawie 100 zg\u0142osze\u0144. Poziom nades\u0142anych prac by\u0142 bardzo wysoki. Gratulujemy wszystkim \u015bwietnych zdj\u0119\u0107, pomys\u0142\u00f3w i ch\u0119ci opowiadania historii z wykorzystaniem medium fotografii! &nbsp; fot. Paula Mroczkowska Lista os\u00f3b zakwalifikowanych na warsztaty:\u00a0 Bartosz Bisaga, Grzegorz...","protected":false},"author":11,"featured_media":38671,"comment_status":"closed","ping_status":"closed","sticky":false,"template":"","format":"standard","meta":{"_monsterinsights_skip_tracking":false,"_monsterinsights_sitenote_active":false,"_monsterinsights_sitenote_note":"","_monsterinsights_sitenote_category":0,"footnotes":""},"categories":[59],"tags":[],"class_list":["post-38668","post","type-post","status-publish","format-standard","has-post-thumbnail","hentry","category-co-z-ta-fotografia"],"_links":{"self":[{"href":"https:\/\/pix.house\/en\/wp-json\/wp\/v2\/posts\/38668","targetHints":{"allow":["GET"]}}],"collection":[{"href":"https:\/\/pix.house\/en\/wp-json\/wp\/v2\/posts"}],"about":[{"href":"https:\/\/pix.house\/en\/wp-json\/wp\/v2\/types\/post"}],"author":[{"embeddable":true,"href":"https:\/\/pix.house\/en\/wp-json\/wp\/v2\/users\/11"}],"replies":[{"embeddable":true,"href":"https:\/\/pix.house\/en\/wp-json\/wp\/v2\/comments?post=38668"}],"version-history":[{"count":4,"href":"https:\/\/pix.house\/en\/wp-json\/wp\/v2\/posts\/38668\/revisions"}],"predecessor-version":[{"id":38687,"href":"https:\/\/pix.house\/en\/wp-json\/wp\/v2\/posts\/38668\/revisions\/38687"}],"wp:featuredmedia":[{"embeddable":true,"href":"https:\/\/pix.house\/en\/wp-json\/wp\/v2\/media\/38671"}],"wp:attachment":[{"href":"https:\/\/pix.house\/en\/wp-json\/wp\/v2\/media?parent=38668"}],"wp:term":[{"taxonomy":"category","embeddable":true,"href":"https:\/\/pix.house\/en\/wp-json\/wp\/v2\/categories?post=38668"},{"taxonomy":"post_tag","embeddable":true,"href":"https:\/\/pix.house\/en\/wp-json\/wp\/v2\/tags?post=38668"}],"curies":[{"name":"wp","href":"https:\/\/api.w.org\/{rel}","templated":true}]}}