{"id":39206,"date":"2025-12-06T17:41:35","date_gmt":"2025-12-06T16:41:35","guid":{"rendered":"https:\/\/pix.house\/?p=39206"},"modified":"2025-12-06T17:46:13","modified_gmt":"2025-12-06T16:46:13","slug":"final25","status":"publish","type":"post","link":"https:\/\/pix.house\/en\/final25\/","title":{"rendered":"Premiery publikacji M\u00f3j Fyrtel i Talent Roku 2025"},"content":{"rendered":"<div class=\"wpb-content-wrapper\"><div     class=\"vc_row wpb_row section vc_row-fluid\" style=' padding-top:2px; text-align:left;'><div class=\"full_section_inner clearfix\"><div class=\"wpb_column vc_column_container vc_col-sm-12\"><div class=\"vc_column-inner\"><div class=\"wpb_wrapper\">\n\t<div class=\"wpb_text_column wpb_content_element\">\n\t\t<div class=\"wpb_wrapper\">\n\t\t\t<p><span style=\"font-weight: 400;\">Serdecznie zapraszamy <strong>13.12.2025 r.<\/strong><\/span><b>\u00a0<\/b><span style=\"font-weight: 400;\">\u00a0na zako\u0144czenie sezonu do Pix.house. <\/span><span style=\"font-weight: 400;\">Przed nami premiery ksi\u0105\u017cek, spotkania, prezentacje powarsztatowe i oprowadzanie po wystawie. Podsumujemy tak\u017ce nasze roczne dzia\u0142ania w ramach archiwum PAF.\u00a0<\/span><\/p>\n<p>&nbsp;<\/p>\n<p><img loading=\"lazy\" decoding=\"async\" class=\"alignnone wp-image-39209 size-full\" src=\"https:\/\/pix.house\/wp-content\/uploads\/2025\/12\/grzegorz-bukalski.jpg\" alt=\"\" width=\"2000\" height=\"1333\" srcset=\"https:\/\/pix.house\/wp-content\/uploads\/2025\/12\/grzegorz-bukalski.jpg 2000w, https:\/\/pix.house\/wp-content\/uploads\/2025\/12\/grzegorz-bukalski-300x200.jpg 300w, https:\/\/pix.house\/wp-content\/uploads\/2025\/12\/grzegorz-bukalski-1280x853.jpg 1280w, https:\/\/pix.house\/wp-content\/uploads\/2025\/12\/grzegorz-bukalski-768x512.jpg 768w, https:\/\/pix.house\/wp-content\/uploads\/2025\/12\/grzegorz-bukalski-1536x1024.jpg 1536w, https:\/\/pix.house\/wp-content\/uploads\/2025\/12\/grzegorz-bukalski-18x12.jpg 18w, https:\/\/pix.house\/wp-content\/uploads\/2025\/12\/grzegorz-bukalski-700x467.jpg 700w, https:\/\/pix.house\/wp-content\/uploads\/2025\/12\/grzegorz-bukalski-1100x733.jpg 1100w, https:\/\/pix.house\/wp-content\/uploads\/2025\/12\/grzegorz-bukalski-1320x880.jpg 1320w, https:\/\/pix.house\/wp-content\/uploads\/2025\/12\/grzegorz-bukalski-800x533.jpg 800w\" sizes=\"auto, (max-width: 2000px) 100vw, 2000px\" \/><\/p>\n<p style=\"text-align: right;\"><em>fot. Grzegorz Bukalski<\/em><\/p>\n<h5><strong>Premiery i spotkania<\/strong><\/h5>\n<p><strong>miejsce:<\/strong> Pix.house ul. G\u0142ogowska 35a, Pozna\u0144<\/p>\n<p><strong>14:00<\/strong> \u2013 premiera zina po warsztatach dokumentu <strong>M\u00f3j Fyrtel 2025<\/strong> oraz prezentacja projekt\u00f3w uczestnik\u00f3w<\/p>\n<p><strong>15:30<\/strong> \u2013 premiera publikacji laureatki Talent Roku 2025 <strong>Joanny Tyczy\u0144skiej<\/strong> pt. Wyojcowanie &#8211; w spotkaniu udzia\u0142 we\u017amie projektant Krzysiek Or\u0142owski<\/p>\n<h5><\/h5>\n<h5><span style=\"color: #ffffff;\">.<\/span><\/h5>\n<h5><b>Podsumowanie warsztat\u00f3w M\u00f3j Fyrtel 2025 <\/b><\/h5>\n<p>Osoby uczestnicz\u0105ce w dziesi\u0105tej edycji warsztat\u00f3w fotografii dokumentalnej i spo\u0142ecznie zaanga\u017cowanej M\u00d3J FYRTEL \/ MOJA PRZESTRZE\u0143 2025: Bartosz Bisaga, Grzegorz Bukalski, Sylwia Ciszewska-Peciak, Marek Cze\u017cyk, Daniel Frymark, Filip Jakubowski, Damian Ko\u0142odziejczyk, Krzysztof Kubiak, Ania Maksymiuk, Paula Mroczkowska, Martyna Nie\u0107ko, Albert S\u0142owi\u0144ski, Sebastian Szczepanowski, Iwona Walkowiak, Aleksandra Wierzbowska.<\/p>\n<p>Podczas spotkania odb\u0119dzie si\u0119 prezentacja projekt\u00f3w uczestnik\u00f3w i premiera publikacji.<\/p>\n<p><strong>Prowadzenie warsztat\u00f3w:<\/strong> Micha\u0142 Adamski, Mariusz Forecki, Adrian Wykrota<br \/>\n<strong>Projekt publikacji:<\/strong> Krzysiek Or\u0142owski \/ Zinteka<\/p>\n<p>&nbsp;<\/p>\n<p>&nbsp;<\/p>\n<div>\n<div><\/div>\n<\/div>\n<p>&nbsp;<\/p>\n<h5><\/h5>\n<h5><\/h5>\n<h5><b>Premiera publikacji Talent Roku 2025<\/b><\/h5>\n<p><b>Wyojcowanie | Joanna Tyczy\u0144ska<\/b><\/p>\n<p>\u201eWyojcowanie\u201d to fotograficzna opowie\u015b\u0107 o mojej nierelacji z ojcem-nieojcem, kt\u00f3rego tym samym chcia\u0142abym odes\u0142a\u0107 w niebyt.<\/p>\n<p>Nieojcem, kt\u00f3ry zostawi\u0142 mnie i mam\u0119, gdy mia\u0142am nieca\u0142e dwa lata. Kt\u00f3rego pozna\u0142am dopiero jako nastolatka. Kt\u00f3rego oczekiwa\u0144 nie spe\u0142nia\u0142am. Kt\u00f3rego nie interesowa\u0142am. Od kt\u00f3rego chcia\u0142abym si\u0119 uwolni\u0107; zw\u0142aszcza teraz, gdy ju\u017c umar\u0142.<\/p>\n<p>Nied\u0142ugo po \u015bmierci ojca wiosn\u0105 2023 roku zacz\u0119\u0142am robi\u0107 zdj\u0119cia, jeszcze nie maj\u0105c w planach rozwini\u0119cia ich w d\u0142ugoterminowy projekt fotograficzny. Raczej zapisywa\u0142am chwile, nastroje, my\u015bli, ale tak\u017ce \u2013 paradoksalnie \u2013 zamro\u017cenie uczu\u0107. Chcia\u0142am spojrze\u0107 na bezpo\u015brednie otoczenie przez pryzmat emocjonalny albo interpretowa\u0107 przestrze\u0144 wok\u00f3\u0142 mnie jako pejza\u017c subiektywny. Z jednej strony sta\u0142o si\u0119 to rodzajem autoterapii. Z drugiej \u2013 pr\u00f3b\u0105 prze\u0142o\u017cenia osobistych prze\u017cy\u0107 na uniwersaln\u0105 opowie\u015b\u0107 o niechcianej \u017ca\u0142obie i zwi\u0105zanych z ni\u0105 spo\u0142ecznych oczekiwaniach.<\/p>\n<p><strong>Joanna Tyczy\u0144ska<\/strong> \u2013 fotografka i redaktorka. Studiowa\u0142a dziennikarstwo na Uniwersytecie Warszawskim. Uczestniczka III edycji Jastrz\u0119bskiej Szko\u0142y Fotografii Dokumentalnej. Pracowa\u0142a jako fotoedytorka, redaktorka i sekretarz redakcji w miesi\u0119cznikach wn\u0119trzarskich i podr\u00f3\u017cniczych. Wsp\u00f3\u0142pracowa\u0142a m.in. z Voyage i Podr\u00f3\u017cami, gdzie opublikowa\u0142a (wraz z m\u0119\u017cem Piotrem Tyczy\u0144skim) ponad 100 materia\u0142\u00f3w ze \u015bwiata. Dzia\u0142a na styku fotografii i s\u0142owa. Realizuje d\u0142ugoterminowe projekty osobiste. Wsp\u00f3\u0142za\u0142o\u017cycielka i cz\u0142onkini Kolektywu DJAM. Mieszka w Warszawie.<\/p>\n<p><strong>Projekt publikacji:<\/strong> Krzysiek Or\u0142owski \/ Zinteka<\/p>\n<div><\/div>\n<div><\/div>\n<p>&nbsp;<\/p>\n<h5><\/h5>\n<h5>Wystawa Talent Roku 2025<\/h5>\n<p><b>Fearless Flowers | Marcin T. J\u00f3zefiak<\/b><\/p>\n<p>Seria \u201eFearless Flowers\u201d to studium p\u0142ci, seksualno\u015bci, spojrzenia i to\u017csamo\u015bci we wsp\u00f3\u0142czesnej Korei. Realizowany przez dwa lata projekt, w kt\u00f3rym udzia\u0142 wzi\u0119\u0142y 23 osoby, podejmuje refleksj\u0119 nad relacj\u0105 cz\u0142owieka z w\u0142asnym cia\u0142em oraz nad wewn\u0119trznym zmaganiem z wizerunkiem narzucanym przez konserwatywne spo\u0142ecze\u0144stwo, wci\u0105\u017c trzymaj\u0105ce si\u0119 przestarza\u0142ych norm mimo gwa\u0142townych przemian.<\/p>\n<p>Ozdobione kwiatami ludzkie cia\u0142o symbolizuje uniwersaln\u0105 niewinno\u015b\u0107, ponadczasowo\u015b\u0107 i czysto\u015b\u0107. Osoba, kt\u00f3ra w innych okoliczno\u015bciach mo\u017ce wydawa\u0107 si\u0119 silna i nieugi\u0119ta, w bezpiecznej przestrzeni studyjnej zostaje ukazana z wra\u017cliwo\u015bci\u0105 i cz\u0142owiecze\u0144stwem. Czarne ubranie, symbolizuj\u0105ce \u201espo\u0142eczny mundur\u201d, przyozdobione kwiatami staje si\u0119 metafor\u0105 walki i zmagania ka\u017cdego z uczestnik\u00f3w \u2014 i nie tylko ich.<\/p>\n<p>Projekt jest pr\u00f3b\u0105 uchwycenia otwarto\u015bci umys\u0142u: akceptacji w\u0142asnego cia\u0142a i seksualno\u015bci, a tak\u017ce przyj\u0119cia nowoczesnego, samodzielnie tworzonego wizerunku, do kt\u00f3rego d\u0105\u017c\u0105 wsp\u00f3\u0142cze\u015bni Korea\u0144czycy. Wierz\u0119, \u017ce tw\u00f3rczo\u015b\u0107 ma obowi\u0105zek buntowa\u0107 si\u0119 wobec spo\u0142ecznych uprzedze\u0144 i podwa\u017ca\u0107 ich aktualno\u015b\u0107.<\/p>\n<p>Jako osoba z zewn\u0105trz mia\u0142em przywilej zosta\u0107 dopuszczonym do tej intymnej formy ekspresji wolno\u015bci \u2014 poszukiwania sensu, pi\u0119kna i to\u017csamo\u015bci, a jednocze\u015bnie uchwycenia pejza\u017cu ludzi, kt\u00f3rzy sami siebie tworz\u0105: prawdziwego, chodz\u0105cego dzie\u0142a sztuki.<\/p>\n<p>&nbsp;<\/p>\n<p><strong>Marcin T. J\u00f3zefiak<\/strong> to polsko-brytyjski fotograf, kt\u00f3rego prace eksploruj\u0105 to\u017csamo\u015b\u0107, przynale\u017cno\u015b\u0107 oraz cz\u0119sto niewidoczne pi\u0119kno os\u00f3b \u017cyj\u0105cych poza ramami spo\u0142ecznymi. Artysta bada do\u015bwiadczenie wyobcowania oraz poszukiwanie siebie w zmieniaj\u0105cych si\u0119 kontekstach kulturowych.<\/p>\n<p>Poprzez intymne portrety i obrazy wideo J\u00f3zefiak buduje most mi\u0119dzy osob\u0105 portretowan\u0105 a widzem \u2014 ujawniaj\u0105c tych, kt\u00f3rzy s\u0105 cz\u0119sto pomijani, i celebruj\u0105c cich\u0105 si\u0142\u0119 autentyczno\u015bci. Jego prace pokazuj\u0105, jak \u015bwiadomo\u015b\u0107 mo\u017ce przemienia\u0107 strach w zrozumienie, a wra\u017cliwo\u015b\u0107 w si\u0142\u0119.<\/p>\n<p>Ostatnie realizacje artysty koncentruj\u0105 si\u0119 na subkulturach Korei Po\u0142udniowej i ich sposobach wyra\u017cania indywidualno\u015bci, wynikaj\u0105cych z g\u0142\u0119bokiej ciekawo\u015bci w kwestii samookre\u015blenia i rozwoju osobistego. Fearless Flowers celebruje r\u00f3\u017cnorodno\u015b\u0107 p\u0142ci, ekspresj\u0119 siebie i odwag\u0119 bycia widocznym. Fotografowany przez dwa lata z udzia\u0142em dwudziestu trzech uczestnik\u00f3w, cykl stanowi zar\u00f3wno celebracj\u0119 to\u017csamo\u015bci, jak i apel o inkluzywno\u015b\u0107 \u2014 kwestionuj\u0105c postrzeganie uwarunkowane strachem i ukazuj\u0105c si\u0142\u0119 tych, kt\u00f3rzy odwa\u017caj\u0105 si\u0119 by\u0107 sob\u0105.<\/p>\n<p>Projekt zosta\u0142 uznany przez DAZED za jeden z \u201enajbardziej uderzaj\u0105cych cykli fotograficznych 2023 roku na \u015bwiecie\u201d. Fearless Flowers by\u0142 prezentowany na wystawach w Berlinie, Londynie i Seulu, a tak\u017ce cz\u0119\u015bciowo pokazany w Royal Photographic Society w Bristolu oraz podczas solowej wystawy na Rotterdam Photo Festival. Wcze\u015bniejsze prace J\u00f3zefiaka, w tym Ma Anand Sheela now. Life after Wild Wild Country, by\u0142y wystawiane w National Portrait Gallery w Londynie w ramach Taylor Wessing Photographic Portrait Prize.<\/p>\n<p>&nbsp;<\/p>\n<div><\/div>\n<p>&nbsp;<\/p>\n<p>&nbsp;<\/p>\n<p>&nbsp;<\/p>\n<p style=\"text-align: left;\"><b>Organizatorzy:\u00a0<\/b><\/p>\n<p style=\"text-align: left;\"><span style=\"font-weight: 400;\">Fundacja <strong>Pix.house\u00a0<\/strong><\/span><\/p>\n<p style=\"text-align: left;\">Opieka kuratorska i koordynacja wydarzenia: Adrian Wykrota<br \/>\nTeam projektowy: Katarzyna Gra\u017cewicz, Anna Molter, Micha\u0142 Adamski, Andrzej Dobosz, Mariusz Forecki<\/p>\n<p style=\"text-align: left;\"><img loading=\"lazy\" decoding=\"async\" class=\"wp-image-23802 alignleft\" src=\"https:\/\/pix.house\/wp-content\/uploads\/2016\/10\/pix_logo_bez_tla-copy-e1589265930442.png\" alt=\"\" width=\"127\" height=\"154\" srcset=\"https:\/\/pix.house\/wp-content\/uploads\/2016\/10\/pix_logo_bez_tla-copy-e1589265930442.png 330w, https:\/\/pix.house\/wp-content\/uploads\/2016\/10\/pix_logo_bez_tla-copy-e1589265930442-248x300.png 248w, https:\/\/pix.house\/wp-content\/uploads\/2016\/10\/pix_logo_bez_tla-copy-e1589265930442-300x364.png 300w\" sizes=\"auto, (max-width: 127px) 100vw, 127px\" \/><\/p>\n<p>&nbsp;<\/p>\n<p>&nbsp;<\/p>\n<p>&nbsp;<\/p>\n<p>&nbsp;<\/p>\n<p>&nbsp;<\/p>\n<p>&nbsp;<\/p>\n<p style=\"text-align: left;\">Projekt wsp\u00f3\u0142finansowany przez <strong>Miasto Pozna\u0144 <\/strong>oraz <strong>Urz\u0105d Marsza\u0142kowski Wojew\u00f3dztwa Wielkopolskiego<\/strong>.<\/p>\n<p style=\"text-align: left;\"><img loading=\"lazy\" decoding=\"async\" class=\"alignnone wp-image-30064\" src=\"https:\/\/pix.house\/wp-content\/uploads\/2019\/11\/LOGO_POZnan_PL_RGB_PNG-e1605284264424-300x87.png\" alt=\"\" width=\"166\" height=\"48\" srcset=\"https:\/\/pix.house\/wp-content\/uploads\/2019\/11\/LOGO_POZnan_PL_RGB_PNG-e1605284264424-300x87.png 300w, https:\/\/pix.house\/wp-content\/uploads\/2019\/11\/LOGO_POZnan_PL_RGB_PNG-e1605284264424-700x204.png 700w, https:\/\/pix.house\/wp-content\/uploads\/2019\/11\/LOGO_POZnan_PL_RGB_PNG-e1605284264424.png 739w\" sizes=\"auto, (max-width: 166px) 100vw, 166px\" \/>\u00a0 \u00a0 \u00a0 \u00a0\u00a0 <img loading=\"lazy\" decoding=\"async\" class=\"alignnone wp-image-36511\" src=\"https:\/\/pix.house\/wp-content\/uploads\/2023\/06\/logo_herb_poziom_sww_kolor_1-e1686721804995-300x53.png\" alt=\"\" width=\"249\" height=\"44\" srcset=\"https:\/\/pix.house\/wp-content\/uploads\/2023\/06\/logo_herb_poziom_sww_kolor_1-e1686721804995-300x53.png 300w, https:\/\/pix.house\/wp-content\/uploads\/2023\/06\/logo_herb_poziom_sww_kolor_1-e1686721804995-800x141.png 800w, https:\/\/pix.house\/wp-content\/uploads\/2023\/06\/logo_herb_poziom_sww_kolor_1-e1686721804995-1280x225.png 1280w, https:\/\/pix.house\/wp-content\/uploads\/2023\/06\/logo_herb_poziom_sww_kolor_1-e1686721804995-768x135.png 768w, https:\/\/pix.house\/wp-content\/uploads\/2023\/06\/logo_herb_poziom_sww_kolor_1-e1686721804995-1536x270.png 1536w, https:\/\/pix.house\/wp-content\/uploads\/2023\/06\/logo_herb_poziom_sww_kolor_1-e1686721804995-2048x360.png 2048w, https:\/\/pix.house\/wp-content\/uploads\/2023\/06\/logo_herb_poziom_sww_kolor_1-e1686721804995-700x123.png 700w, https:\/\/pix.house\/wp-content\/uploads\/2023\/06\/logo_herb_poziom_sww_kolor_1-e1686721804995-1100x194.png 1100w, https:\/\/pix.house\/wp-content\/uploads\/2023\/06\/logo_herb_poziom_sww_kolor_1-e1686721804995-1320x232.png 1320w\" sizes=\"auto, (max-width: 249px) 100vw, 249px\" \/><\/p>\n<p style=\"text-align: left;\"><strong><br \/>\nWsp\u00f3\u0142praca:<br \/>\n<\/strong><br \/>\n<img loading=\"lazy\" decoding=\"async\" class=\"alignnone wp-image-29748\" src=\"https:\/\/pix.house\/wp-content\/uploads\/2019\/07\/Zinteka-png-logo-e1638875522355-295x300.png\" alt=\"\" width=\"89\" height=\"91\" srcset=\"https:\/\/pix.house\/wp-content\/uploads\/2019\/07\/Zinteka-png-logo-e1638875522355-295x300.png 295w, https:\/\/pix.house\/wp-content\/uploads\/2019\/07\/Zinteka-png-logo-e1638875522355-800x813.png 800w, https:\/\/pix.house\/wp-content\/uploads\/2019\/07\/Zinteka-png-logo-e1638875522355-768x781.png 768w, https:\/\/pix.house\/wp-content\/uploads\/2019\/07\/Zinteka-png-logo-e1638875522355-700x712.png 700w, https:\/\/pix.house\/wp-content\/uploads\/2019\/07\/Zinteka-png-logo-e1638875522355-300x305.png 300w, https:\/\/pix.house\/wp-content\/uploads\/2019\/07\/Zinteka-png-logo-e1638875522355.png 1033w\" sizes=\"auto, (max-width: 89px) 100vw, 89px\" \/>\u00a0 \u00a0 <img loading=\"lazy\" decoding=\"async\" class=\"alignnone wp-image-39088\" src=\"https:\/\/pix.house\/wp-content\/uploads\/2025\/08\/438108031_972772354851058_4211251723895951916_n-e1762609635723-262x300.jpg\" alt=\"\" width=\"82\" height=\"94\" srcset=\"https:\/\/pix.house\/wp-content\/uploads\/2025\/08\/438108031_972772354851058_4211251723895951916_n-e1762609635723-262x300.jpg 262w, https:\/\/pix.house\/wp-content\/uploads\/2025\/08\/438108031_972772354851058_4211251723895951916_n-e1762609635723-10x12.jpg 10w, https:\/\/pix.house\/wp-content\/uploads\/2025\/08\/438108031_972772354851058_4211251723895951916_n-e1762609635723.jpg 440w\" sizes=\"auto, (max-width: 82px) 100vw, 82px\" \/><\/p>\n<p style=\"text-align: left;\"><strong>\u00a0<\/strong><\/p>\n<p style=\"text-align: left;\"><strong><br \/>\nPartnerzy medialni:<\/strong><\/p>\n<p style=\"text-align: left;\"><img loading=\"lazy\" decoding=\"async\" class=\"alignnone wp-image-37452\" src=\"https:\/\/pix.house\/wp-content\/uploads\/2024\/02\/fotopolis_logoBlack-300x78.png\" alt=\"\" width=\"165\" height=\"43\" srcset=\"https:\/\/pix.house\/wp-content\/uploads\/2024\/02\/fotopolis_logoBlack-300x78.png 300w, https:\/\/pix.house\/wp-content\/uploads\/2024\/02\/fotopolis_logoBlack-768x200.png 768w, https:\/\/pix.house\/wp-content\/uploads\/2024\/02\/fotopolis_logoBlack-700x182.png 700w, https:\/\/pix.house\/wp-content\/uploads\/2024\/02\/fotopolis_logoBlack-800x208.png 800w, https:\/\/pix.house\/wp-content\/uploads\/2024\/02\/fotopolis_logoBlack.png 1000w\" sizes=\"auto, (max-width: 165px) 100vw, 165px\" \/><\/p>\n<p>&nbsp;<\/p>\n<p style=\"text-align: left;\">PIX.HOUSE \u2014\u00a0 razem tworzymy miejsce dla fotografii!<\/p>\n\n\t\t<\/div> \n\t<\/div> <\/div><\/div><\/div><\/div><\/div>\n<\/div>","protected":false},"excerpt":{"rendered":"Serdecznie zapraszamy 13.12.2025 r.\u00a0\u00a0na zako\u0144czenie sezonu do Pix.house. Przed nami premiery ksi\u0105\u017cek, spotkania, prezentacje powarsztatowe i oprowadzanie po wystawie. Podsumujemy tak\u017ce nasze roczne dzia\u0142ania w ramach archiwum PAF.\u00a0 &nbsp; fot. Grzegorz Bukalski Premiery i spotkania miejsce: Pix.house ul. G\u0142ogowska 35a, Pozna\u0144 14:00 \u2013 premiera zina...","protected":false},"author":11,"featured_media":39223,"comment_status":"closed","ping_status":"closed","sticky":false,"template":"","format":"standard","meta":{"_monsterinsights_skip_tracking":false,"_monsterinsights_sitenote_active":false,"_monsterinsights_sitenote_note":"","_monsterinsights_sitenote_category":0,"footnotes":""},"categories":[59],"tags":[],"class_list":["post-39206","post","type-post","status-publish","format-standard","has-post-thumbnail","hentry","category-co-z-ta-fotografia"],"_links":{"self":[{"href":"https:\/\/pix.house\/en\/wp-json\/wp\/v2\/posts\/39206","targetHints":{"allow":["GET"]}}],"collection":[{"href":"https:\/\/pix.house\/en\/wp-json\/wp\/v2\/posts"}],"about":[{"href":"https:\/\/pix.house\/en\/wp-json\/wp\/v2\/types\/post"}],"author":[{"embeddable":true,"href":"https:\/\/pix.house\/en\/wp-json\/wp\/v2\/users\/11"}],"replies":[{"embeddable":true,"href":"https:\/\/pix.house\/en\/wp-json\/wp\/v2\/comments?post=39206"}],"version-history":[{"count":9,"href":"https:\/\/pix.house\/en\/wp-json\/wp\/v2\/posts\/39206\/revisions"}],"predecessor-version":[{"id":39238,"href":"https:\/\/pix.house\/en\/wp-json\/wp\/v2\/posts\/39206\/revisions\/39238"}],"wp:featuredmedia":[{"embeddable":true,"href":"https:\/\/pix.house\/en\/wp-json\/wp\/v2\/media\/39223"}],"wp:attachment":[{"href":"https:\/\/pix.house\/en\/wp-json\/wp\/v2\/media?parent=39206"}],"wp:term":[{"taxonomy":"category","embeddable":true,"href":"https:\/\/pix.house\/en\/wp-json\/wp\/v2\/categories?post=39206"},{"taxonomy":"post_tag","embeddable":true,"href":"https:\/\/pix.house\/en\/wp-json\/wp\/v2\/tags?post=39206"}],"curies":[{"name":"wp","href":"https:\/\/api.w.org\/{rel}","templated":true}]}}