{"id":39985,"date":"2026-03-14T21:00:54","date_gmt":"2026-03-14T20:00:54","guid":{"rendered":"https:\/\/pix.house\/?p=39985"},"modified":"2026-03-14T21:03:55","modified_gmt":"2026-03-14T20:03:55","slug":"moj-fyrtel-2026-wyniki-naboru","status":"publish","type":"post","link":"https:\/\/pix.house\/en\/moj-fyrtel-2026-wyniki-naboru\/","title":{"rendered":"M\u00f3j Fyrtel 2026 | wyniki naboru"},"content":{"rendered":"<div class=\"wpb-content-wrapper\"><div     class=\"vc_row wpb_row section vc_row-fluid\" style=' padding-top:2px; text-align:left;'><div class=\"full_section_inner clearfix\"><div class=\"wpb_column vc_column_container vc_col-sm-12\"><div class=\"vc_column-inner\"><div class=\"wpb_wrapper\">\n\t<div class=\"wpb_text_column wpb_content_element\">\n\t\t<div class=\"wpb_wrapper\">\n\t\t\t<p>Znamy wyniki naboru na kolejn\u0105 edycj\u0119 warsztat\u00f3w fotografii dokumentalnej <strong>M\u00f3j Fyrtel<\/strong>. Otrzymali\u015bmy ponad 80 zg\u0142osze\u0144. Poziom nades\u0142anych prac by\u0142 wyr\u00f3wnany, dlatego zdecydowali\u015bmy si\u0119 wybra\u0107 16 os\u00f3b. Gratulujemy wszystkim dobrych fotografii oraz pomys\u0142\u00f3w i ch\u0119ci opowiadania historii z wykorzystaniem medium fotografii!<\/p>\n<p>&nbsp;<\/p>\n<p style=\"text-align: right;\"><img loading=\"lazy\" decoding=\"async\" class=\"wp-image-39987 size-full alignright\" src=\"https:\/\/pix.house\/wp-content\/uploads\/2026\/03\/1772477006-ania-klosek-moj-fyrtel-2026-2026-3.jpg\" alt=\"\" width=\"2000\" height=\"1334\" srcset=\"https:\/\/pix.house\/wp-content\/uploads\/2026\/03\/1772477006-ania-klosek-moj-fyrtel-2026-2026-3.jpg 2000w, https:\/\/pix.house\/wp-content\/uploads\/2026\/03\/1772477006-ania-klosek-moj-fyrtel-2026-2026-3-300x200.jpg 300w, https:\/\/pix.house\/wp-content\/uploads\/2026\/03\/1772477006-ania-klosek-moj-fyrtel-2026-2026-3-1280x854.jpg 1280w, https:\/\/pix.house\/wp-content\/uploads\/2026\/03\/1772477006-ania-klosek-moj-fyrtel-2026-2026-3-768x512.jpg 768w, https:\/\/pix.house\/wp-content\/uploads\/2026\/03\/1772477006-ania-klosek-moj-fyrtel-2026-2026-3-1536x1025.jpg 1536w, https:\/\/pix.house\/wp-content\/uploads\/2026\/03\/1772477006-ania-klosek-moj-fyrtel-2026-2026-3-18x12.jpg 18w, https:\/\/pix.house\/wp-content\/uploads\/2026\/03\/1772477006-ania-klosek-moj-fyrtel-2026-2026-3-700x467.jpg 700w, https:\/\/pix.house\/wp-content\/uploads\/2026\/03\/1772477006-ania-klosek-moj-fyrtel-2026-2026-3-1100x734.jpg 1100w, https:\/\/pix.house\/wp-content\/uploads\/2026\/03\/1772477006-ania-klosek-moj-fyrtel-2026-2026-3-1320x880.jpg 1320w, https:\/\/pix.house\/wp-content\/uploads\/2026\/03\/1772477006-ania-klosek-moj-fyrtel-2026-2026-3-800x534.jpg 800w\" sizes=\"auto, (max-width: 2000px) 100vw, 2000px\" \/><em>fot. Ania K\u0142osek<\/em><\/p>\n<h5><strong>Lista os\u00f3b zakwalifikowanych na warsztaty:\u00a0<\/strong><\/h5>\n<p>Michal Baranski, Jakub Cholewka, Anna Kanabaj, Filip Karczewski, Tomasz Karwowski, Ania K\u0142osek, Wiktoria Kochaniak, Kamil Ko\u017alarek, Ewa Laskowska, Dawid \u0141ozowicki, Magdalena Noga, Ewa Sawko, Kasper Szwaja, El\u017cbieta Tomalak, Monika Wo\u0142czecka-Romanko, Katarzyna Zygmunt<\/p>\n<p>&nbsp;<\/p>\n<p>Serdecznie gratulujemy!<\/p>\n<p>&nbsp;<\/p>\n<div>\n<div><\/div>\n<\/div>\n<p>&nbsp;<\/p>\n<p>Warsztaty s\u0105 bezp\u0142atne \u2013 odbywaj\u0105 si\u0119 w Poznaniu. We w\u0142asnym zakresie nale\u017cy pokry\u0107 ewentualny dojazd i nocleg.<\/p>\n<p>&nbsp;<\/p>\n<p><strong>Orientacyjne terminy dwudniowych spotka\u0144<\/strong>: 11-12.04; 13-14.06 ; 19-20.09; listopad \/ grudzie\u0144 2026 \u2013 prezentacja projekt\u00f3w i premiera publikacji. Spotkania sobotnie s\u0105 zespo\u0142owe\/warsztatowe, a niedzielne konsultacyjne.<\/p>\n<p>Ka\u017cda grupa b\u0119dzie mia\u0142a mo\u017cliwo\u015b\u0107 wzi\u0119cia udzia\u0142u w 40h warsztatowych<br \/>\n(w tym konsultacje indywidualne i przygotowanie materia\u0142\u00f3w do zina).<\/p>\n<p>&nbsp;<\/p>\n<p>Do zobaczenia w Pix.house!<\/p>\n<p>&nbsp;<\/p>\n<p style=\"text-align: justify;\"><b>Organizatorzy:\u00a0<\/b><\/p>\n<p style=\"text-align: justify;\"><span style=\"font-weight: 400;\">Fundacja <strong>Pix.house\u00a0<\/strong><\/span><\/p>\n<p style=\"text-align: justify;\"><span style=\"font-weight: 400;\">koordynacja dzia\u0142a\u0144: Adrian Wykrota<\/span><\/p>\n<p>prowadzenie warsztat\u00f3w: Micha\u0142 Adamski, Mariusz Forecki, Adrian Wykrota<\/p>\n<p>dzia\u0142ania promocyjne i organizacyjne: Katarzyna Gra\u017cewicz<\/p>\n<p>&nbsp;<\/p>\n<p style=\"text-align: justify;\"><img loading=\"lazy\" decoding=\"async\" class=\"wp-image-23802 alignleft\" src=\"https:\/\/pix.house\/wp-content\/uploads\/2016\/10\/pix_logo_bez_tla-copy-e1589265930442.png\" alt=\"\" width=\"127\" height=\"154\" srcset=\"https:\/\/pix.house\/wp-content\/uploads\/2016\/10\/pix_logo_bez_tla-copy-e1589265930442.png 330w, https:\/\/pix.house\/wp-content\/uploads\/2016\/10\/pix_logo_bez_tla-copy-e1589265930442-248x300.png 248w, https:\/\/pix.house\/wp-content\/uploads\/2016\/10\/pix_logo_bez_tla-copy-e1589265930442-300x364.png 300w\" sizes=\"auto, (max-width: 127px) 100vw, 127px\" \/><\/p>\n<p>&nbsp;<\/p>\n<p>&nbsp;<\/p>\n<p>&nbsp;<\/p>\n<p>&nbsp;<\/p>\n<p>&nbsp;<\/p>\n<p style=\"text-align: left;\">Konkurs realizowany w ramach\u00a0 projektu \u201ePIX.LAB &#8211; edukacyjne laboratorium fotografii\u201d &#8211; wsp\u00f3\u0142finansowanie <strong>Miasto Pozna\u0144 <\/strong>oraz <strong>Urz\u0105d Marsza\u0142kowski Wojew\u00f3dztwa Wielkopolskiego<\/strong>.<\/p>\n<p style=\"text-align: left;\"><img loading=\"lazy\" decoding=\"async\" class=\"alignnone wp-image-30064\" src=\"https:\/\/pix.house\/wp-content\/uploads\/2019\/11\/LOGO_POZnan_PL_RGB_PNG-e1605284264424-300x87.png\" alt=\"\" width=\"166\" height=\"48\" srcset=\"https:\/\/pix.house\/wp-content\/uploads\/2019\/11\/LOGO_POZnan_PL_RGB_PNG-e1605284264424-300x87.png 300w, https:\/\/pix.house\/wp-content\/uploads\/2019\/11\/LOGO_POZnan_PL_RGB_PNG-e1605284264424-700x204.png 700w, https:\/\/pix.house\/wp-content\/uploads\/2019\/11\/LOGO_POZnan_PL_RGB_PNG-e1605284264424.png 739w\" sizes=\"auto, (max-width: 166px) 100vw, 166px\" \/>\u00a0 \u00a0 \u00a0 \u00a0\u00a0 <img loading=\"lazy\" decoding=\"async\" class=\"alignnone wp-image-36511\" src=\"https:\/\/pix.house\/wp-content\/uploads\/2023\/06\/logo_herb_poziom_sww_kolor_1-e1686721804995-300x53.png\" alt=\"\" width=\"249\" height=\"44\" srcset=\"https:\/\/pix.house\/wp-content\/uploads\/2023\/06\/logo_herb_poziom_sww_kolor_1-e1686721804995-300x53.png 300w, https:\/\/pix.house\/wp-content\/uploads\/2023\/06\/logo_herb_poziom_sww_kolor_1-e1686721804995-800x141.png 800w, https:\/\/pix.house\/wp-content\/uploads\/2023\/06\/logo_herb_poziom_sww_kolor_1-e1686721804995-1280x225.png 1280w, https:\/\/pix.house\/wp-content\/uploads\/2023\/06\/logo_herb_poziom_sww_kolor_1-e1686721804995-768x135.png 768w, https:\/\/pix.house\/wp-content\/uploads\/2023\/06\/logo_herb_poziom_sww_kolor_1-e1686721804995-1536x270.png 1536w, https:\/\/pix.house\/wp-content\/uploads\/2023\/06\/logo_herb_poziom_sww_kolor_1-e1686721804995-2048x360.png 2048w, https:\/\/pix.house\/wp-content\/uploads\/2023\/06\/logo_herb_poziom_sww_kolor_1-e1686721804995-700x123.png 700w, https:\/\/pix.house\/wp-content\/uploads\/2023\/06\/logo_herb_poziom_sww_kolor_1-e1686721804995-1100x194.png 1100w, https:\/\/pix.house\/wp-content\/uploads\/2023\/06\/logo_herb_poziom_sww_kolor_1-e1686721804995-1320x232.png 1320w\" sizes=\"auto, (max-width: 249px) 100vw, 249px\" \/><\/p>\n<p>&nbsp;<\/p>\n<p style=\"text-align: left;\"><strong>Wsp\u00f3\u0142praca:<br \/>\n<\/strong><br \/>\n<img loading=\"lazy\" decoding=\"async\" class=\"alignnone wp-image-29748\" src=\"https:\/\/pix.house\/wp-content\/uploads\/2019\/07\/Zinteka-png-logo-e1638875522355-295x300.png\" alt=\"\" width=\"89\" height=\"91\" srcset=\"https:\/\/pix.house\/wp-content\/uploads\/2019\/07\/Zinteka-png-logo-e1638875522355-295x300.png 295w, https:\/\/pix.house\/wp-content\/uploads\/2019\/07\/Zinteka-png-logo-e1638875522355-800x813.png 800w, https:\/\/pix.house\/wp-content\/uploads\/2019\/07\/Zinteka-png-logo-e1638875522355-768x781.png 768w, https:\/\/pix.house\/wp-content\/uploads\/2019\/07\/Zinteka-png-logo-e1638875522355-700x712.png 700w, https:\/\/pix.house\/wp-content\/uploads\/2019\/07\/Zinteka-png-logo-e1638875522355-300x305.png 300w, https:\/\/pix.house\/wp-content\/uploads\/2019\/07\/Zinteka-png-logo-e1638875522355.png 1033w\" sizes=\"auto, (max-width: 89px) 100vw, 89px\" \/><\/p>\n<p>&nbsp;<\/p>\n<p style=\"text-align: left;\"><strong>Partner medialny:<\/strong><\/p>\n<p style=\"text-align: left;\">\u00a0 <img loading=\"lazy\" decoding=\"async\" class=\"alignnone wp-image-37452\" src=\"https:\/\/pix.house\/wp-content\/uploads\/2024\/02\/fotopolis_logoBlack-300x78.png\" alt=\"\" width=\"165\" height=\"43\" srcset=\"https:\/\/pix.house\/wp-content\/uploads\/2024\/02\/fotopolis_logoBlack-300x78.png 300w, https:\/\/pix.house\/wp-content\/uploads\/2024\/02\/fotopolis_logoBlack-768x200.png 768w, https:\/\/pix.house\/wp-content\/uploads\/2024\/02\/fotopolis_logoBlack-700x182.png 700w, https:\/\/pix.house\/wp-content\/uploads\/2024\/02\/fotopolis_logoBlack-800x208.png 800w, https:\/\/pix.house\/wp-content\/uploads\/2024\/02\/fotopolis_logoBlack.png 1000w\" sizes=\"auto, (max-width: 165px) 100vw, 165px\" \/><\/p>\n<p>&nbsp;<\/p>\n<p>&nbsp;<\/p>\n<p style=\"text-align: left;\">PIX.HOUSE &#8211; razem tworzymy miejsce dla fotografii!<\/p>\n\n\t\t<\/div> \n\t<\/div> <\/div><\/div><\/div><\/div><\/div>\n<\/div>","protected":false},"excerpt":{"rendered":"Znamy wyniki naboru na kolejn\u0105 edycj\u0119 warsztat\u00f3w fotografii dokumentalnej M\u00f3j Fyrtel. Otrzymali\u015bmy ponad 80 zg\u0142osze\u0144. Poziom nades\u0142anych prac by\u0142 wyr\u00f3wnany, dlatego zdecydowali\u015bmy si\u0119 wybra\u0107 16 os\u00f3b. Gratulujemy wszystkim dobrych fotografii oraz pomys\u0142\u00f3w i ch\u0119ci opowiadania historii z wykorzystaniem medium fotografii! &nbsp; fot. Ania K\u0142osek Lista...","protected":false},"author":11,"featured_media":39987,"comment_status":"closed","ping_status":"closed","sticky":false,"template":"","format":"standard","meta":{"_monsterinsights_skip_tracking":false,"_monsterinsights_sitenote_active":false,"_monsterinsights_sitenote_note":"","_monsterinsights_sitenote_category":0,"footnotes":""},"categories":[59],"tags":[],"class_list":["post-39985","post","type-post","status-publish","format-standard","has-post-thumbnail","hentry","category-co-z-ta-fotografia"],"_links":{"self":[{"href":"https:\/\/pix.house\/en\/wp-json\/wp\/v2\/posts\/39985","targetHints":{"allow":["GET"]}}],"collection":[{"href":"https:\/\/pix.house\/en\/wp-json\/wp\/v2\/posts"}],"about":[{"href":"https:\/\/pix.house\/en\/wp-json\/wp\/v2\/types\/post"}],"author":[{"embeddable":true,"href":"https:\/\/pix.house\/en\/wp-json\/wp\/v2\/users\/11"}],"replies":[{"embeddable":true,"href":"https:\/\/pix.house\/en\/wp-json\/wp\/v2\/comments?post=39985"}],"version-history":[{"count":3,"href":"https:\/\/pix.house\/en\/wp-json\/wp\/v2\/posts\/39985\/revisions"}],"predecessor-version":[{"id":40003,"href":"https:\/\/pix.house\/en\/wp-json\/wp\/v2\/posts\/39985\/revisions\/40003"}],"wp:featuredmedia":[{"embeddable":true,"href":"https:\/\/pix.house\/en\/wp-json\/wp\/v2\/media\/39987"}],"wp:attachment":[{"href":"https:\/\/pix.house\/en\/wp-json\/wp\/v2\/media?parent=39985"}],"wp:term":[{"taxonomy":"category","embeddable":true,"href":"https:\/\/pix.house\/en\/wp-json\/wp\/v2\/categories?post=39985"},{"taxonomy":"post_tag","embeddable":true,"href":"https:\/\/pix.house\/en\/wp-json\/wp\/v2\/tags?post=39985"}],"curies":[{"name":"wp","href":"https:\/\/api.w.org\/{rel}","templated":true}]}}