{"id":40005,"date":"2026-03-15T15:07:46","date_gmt":"2026-03-15T14:07:46","guid":{"rendered":"https:\/\/pix.house\/?p=40005"},"modified":"2026-03-15T15:10:11","modified_gmt":"2026-03-15T14:10:11","slug":"ciok","status":"publish","type":"post","link":"https:\/\/pix.house\/en\/ciok\/","title":{"rendered":"Stanis\u0142aw Ciok | Fotografie"},"content":{"rendered":"<div class=\"wpb-content-wrapper\"><div class=\"vc_row wpb_row section vc_row-fluid\" style=' text-align:left;'><div class=\"full_section_inner clearfix\"><\/div><\/div><div class=\"wpb_column vc_column_container vc_col-sm-12\"><div class=\"vc_column-inner\"><div class=\"wpb_wrapper\"><\/div><\/div><\/div>\n\t<div class=\"wpb_text_column wpb_content_element\">\n\t\t<div class=\"wpb_wrapper\">\n\t\t\t\n\t\t<\/div> \n\t<\/div>\n<p>Serdecznie zapraszamy na wystaw\u0119 <strong>Stanis\u0142awa Cioka<\/strong>.<\/p>\n<p>&nbsp;<\/p>\n<p><strong>Miejsce:<\/strong> galeria Pix.house, ul. G\u0142ogowska 35A, Pozna\u0144<\/p>\n<p><strong>Wernisa\u017c:<\/strong> 20.03.2026 (pi\u0105tek) | godz. 18:00<\/p>\n<p><strong>Wystawa trwa do:<\/strong> 11.04.2026<\/p>\n<p><strong>Galeria czynna w dniach:<\/strong> \u015broda (17:00 \u2013 20:00) oraz sobota (11:00 \u2013 15:00)<\/p>\n<p><em>wst\u0119p wolny<\/em><\/p>\n<p>&nbsp;<\/p>\n<p><img loading=\"lazy\" decoding=\"async\" class=\"aligncenter wp-image-40006 size-full\" src=\"https:\/\/pix.house\/wp-content\/uploads\/2026\/03\/652366782_1512169567584886_4372396772027156206_n-1.jpg\" alt=\"\" width=\"1446\" height=\"2048\" srcset=\"https:\/\/pix.house\/wp-content\/uploads\/2026\/03\/652366782_1512169567584886_4372396772027156206_n-1.jpg 1446w, https:\/\/pix.house\/wp-content\/uploads\/2026\/03\/652366782_1512169567584886_4372396772027156206_n-1-212x300.jpg 212w, https:\/\/pix.house\/wp-content\/uploads\/2026\/03\/652366782_1512169567584886_4372396772027156206_n-1-904x1280.jpg 904w, https:\/\/pix.house\/wp-content\/uploads\/2026\/03\/652366782_1512169567584886_4372396772027156206_n-1-768x1088.jpg 768w, https:\/\/pix.house\/wp-content\/uploads\/2026\/03\/652366782_1512169567584886_4372396772027156206_n-1-1085x1536.jpg 1085w, https:\/\/pix.house\/wp-content\/uploads\/2026\/03\/652366782_1512169567584886_4372396772027156206_n-1-8x12.jpg 8w, https:\/\/pix.house\/wp-content\/uploads\/2026\/03\/652366782_1512169567584886_4372396772027156206_n-1-700x991.jpg 700w, https:\/\/pix.house\/wp-content\/uploads\/2026\/03\/652366782_1512169567584886_4372396772027156206_n-1-1100x1558.jpg 1100w, https:\/\/pix.house\/wp-content\/uploads\/2026\/03\/652366782_1512169567584886_4372396772027156206_n-1-1320x1870.jpg 1320w, https:\/\/pix.house\/wp-content\/uploads\/2026\/03\/652366782_1512169567584886_4372396772027156206_n-1-800x1133.jpg 800w\" sizes=\"auto, (max-width: 1446px) 100vw, 1446px\" \/><\/p>\n<p>&nbsp;<\/p>\n<p>&nbsp;<\/p>\n<p><strong>O wystawie: <\/strong><\/p>\n<p>&nbsp;<\/p>\n<p>Wystawa \u201e<strong>Stanis\u0142aw Ciok. Fotografie<\/strong>\u201d prezentuje zdj\u0119cia jednego z najwybitniejszych tw\u00f3rc\u00f3w, kt\u00f3rzy dokumentowali codzienno\u015b\u0107 schy\u0142ku PRL i lat transformacji. Ekspozycja, przygotowana przez kurator\u00f3w Jacka Marczewskiego i Jaros\u0142awa Stachowicza, jest nie tylko przekrojowym spojrzeniem na dorobek autora, to subiektywny przegl\u0105d jego tw\u00f3rczo\u015bci, kt\u00f3ra przez dekady by\u0142a obecna w obiegu prasowym, prezentowana w galeriach, muzeach, omawiana w \u015brodowisku reporter\u00f3w. Organizacja wystawy by\u0142a mo\u017cliwa dzi\u0119ki zaanga\u017cowaniu i wsparciu wielu os\u00f3b, kt\u00f3re zna\u0142y i lubi\u0142y Staszka oraz ceni\u0142y jego tw\u00f3rczo\u015b\u0107 fotograficzn\u0105. To gest \u015brodowiskowej solidarno\u015bci i dow\u00f3d na to, jak silne relacje budowa\u0142, mimo \u017ce prywatnie by\u0142 samotnikiem, stroni\u0142 od t\u0142um\u00f3w i wybiera\u0142 \u017cycie na uboczu, blisko natury.<\/p>\n<p>Poza miastem czu\u0142 si\u0119 wyra\u017anie lepiej ni\u017c w swym warszawskim mieszkanku. Umia\u0142 rozpali\u0107 ognisko w ka\u017cdych warunkach, utoczy\u0107 sok z pnia brzozy, uwielbia\u0142 sp\u0142ywy kajakowe w ciszy pozwalaj\u0105cej s\u0142ysze\u0107 przyrod\u0119. W pewnym momencie wr\u00f3s\u0142 w Beskid Niski, gdzie obok go\u015bci\u0144ca swych przyjaci\u00f3\u0142, u kt\u00f3rych \u2013 z ch\u0119ci\u0105 goszczony \u2013 regularnie bywa\u0142, zacz\u0105\u0142 budowa\u0107 sw\u00f3j drewniany dom, na g\u00f3rce ochrzczonej przez nas mianem Pik Ciok.<\/p>\n<p>&nbsp;<\/p>\n<p><strong>Dokument epoki<\/strong><\/p>\n<p>Fotografie jego autorstwa \u2013 dzi\u015b odbierane jako archiwum do\u015bwiadcze\u0144 zbiorowych \u2013 maj\u0105 rang\u0119 dokument\u00f3w epoki. Bohater\u00f3w traktowa\u0142 z empati\u0105, ale wobec system\u00f3w, struktur i absurd\u00f3w rzeczywisto\u015bci bywa\u0142 ironiczny i krytyczny. M\u00f3wi\u0142, \u017ce \u201ezbiera miejsca, w kt\u00f3rych spa\u0142\u201d. Zdanie to dobrze oddaje reporterskiego ducha.<\/p>\n<p>Z wykszta\u0142cenia by\u0142 le\u015bnikiem, z wyboru \u2013 fotoreporterem. W 1995 roku zosta\u0142 cz\u0142onkiem ZPAF. Debiutowa\u0142 w po\u0142owie lat 80. na \u0142amach pisma \u201ePrzegl\u0105d owocowo-warzywny i fermentacyjny\u201d, a pierwszy reporta\u017c opublikowa\u0142 w tygodnika \u201eitd.\u201d. Jego fotografie ukazywa\u0142y si\u0119 w wielu tytu\u0142ach polskich i zagranicznych (m.in. \u201eM\u0142ody Rolnik\u201d, \u201ePolski Farmer\u201d, \u201eRzeczpospolita\u201d, \u201eGazeta Wyborcza\u201d, \u201eSpotkania\u201d, \u201eTygodnik Solidarno\u015b\u0107\u201d, \u201eThe New York Times\u201d). Przez lata zwi\u0105zany by\u0142 z tygodnikiem \u201ePolityka\u201d, dla kt\u00f3rego dokumentowa\u0142 codzienne \u017cycie Polak\u00f3w w czasie gwa\u0142townych przemian spo\u0142ecznych i ustrojowych. Reporta\u017ce Cioka prezentowane by\u0142y m.in. w poczytnym cyklu \u201eNa w\u0142asne oczy\u201d.<\/p>\n<p>Stanis\u0142aw Ciok \u2013 Staszek \u2013 nale\u017ca\u0142 do fotograf\u00f3w bezkompromisowych. Nie inscenizowa\u0142. By\u0142 anegdociarzem. Ze swych licznych podr\u00f3\u017cy s\u0142u\u017cbowych przywozi\u0142 opowie\u015bci komiczne, ale te\u017c bystre obserwacje spo\u0142eczne. Dzi\u0119ki temu bywa\u0142 dusz\u0105 towarzystwa. Wielu z nas, zw\u0142aszcza reporta\u017cyst\u00f3w, zapami\u0119ta Cioka na zawsze jako niezr\u00f3wnanego kompana i przyjaciela, r\u00f3wnie\u017c w pracy. Sprawia\u0142, \u017ce niemal ka\u017cde wsp\u00f3lne przedsi\u0119wzi\u0119cie stawa\u0142o si\u0119 przygod\u0105.<\/p>\n<p>Jacek Marczewski w tek\u015bcie towarzysz\u0105cym ekspozycji wyja\u015bnia:<\/p>\n<p>Wystawa, kt\u00f3r\u0105 prezentujemy w galerii Pix.House, sk\u0142ada si\u0119 z dw\u00f3ch cz\u0119\u015bci. Pierwsza przedstawia ikoniczne zdj\u0119cia reporterskie z lat 80., schy\u0142ku PRL-u, i transformacji ustrojowej lat 90. Drug\u0105 cz\u0119\u015b\u0107 stanowi ostatni projekt Staszka Cioka, kt\u00f3ry on sam zatytu\u0142owa\u0142 \u201eBezsenna\u201d. Cykl tworz\u0105 eseje fotograficzne. Na zdj\u0119ciach nie ma ludzi. \u017badnego cz\u0142owieka. Nasz mistrz Josef Koudelka powiedzia\u0142 kiedy\u015b: \u201e<em>Gdy ja fotografowa\u0142em \u015bwiat, ulice, gdy robi\u0142em reporta\u017ce, ludzie chodzili w kapeluszach, kaszkietach, marynarkach i sukienkach. Ten czas si\u0119 sko\u0144czy\u0142. Dzi\u015b nosz\u0105 T-shirty i bejsbol\u00f3wki. Troch\u0119 tego nie rozumiem. \u015awietnie czuj\u0105 to natomiast m\u0142odzi. Zacz\u0105\u0142em wi\u0119c, pracowa\u0107 nad cyklem \u201eChaos\u201d, w kt\u00f3rym nie ma ludzi<\/em>\u201d.<\/p>\n<p style=\"text-align: right;\">Iwona \u0141awecka-Marczewska<\/p>\n<p>&nbsp;<\/p>\n<div>\n<div><\/div>\n<\/div>\n<div><\/div>\n<div><\/div>\n<p>&nbsp;<\/p>\n<hr \/>\n<p>&nbsp;<\/p>\n<p><strong>Organizator:\u00a0<\/strong><\/p>\n<p><img loading=\"lazy\" decoding=\"async\" class=\"alignleft wp-image-36675 size-thumbnail\" src=\"https:\/\/pix.house\/wp-content\/uploads\/2016\/10\/cropped-pix_logo_bez_tla-copy-e1589265930442-150x150.png\" alt=\"\" width=\"150\" height=\"150\" srcset=\"https:\/\/pix.house\/wp-content\/uploads\/2016\/10\/cropped-pix_logo_bez_tla-copy-e1589265930442-150x150.png 150w, https:\/\/pix.house\/wp-content\/uploads\/2016\/10\/cropped-pix_logo_bez_tla-copy-e1589265930442-300x300.png 300w, https:\/\/pix.house\/wp-content\/uploads\/2016\/10\/cropped-pix_logo_bez_tla-copy-e1589265930442-500x500.png 500w, https:\/\/pix.house\/wp-content\/uploads\/2016\/10\/cropped-pix_logo_bez_tla-copy-e1589265930442-100x100.png 100w, https:\/\/pix.house\/wp-content\/uploads\/2016\/10\/cropped-pix_logo_bez_tla-copy-e1589265930442-270x270.png 270w, https:\/\/pix.house\/wp-content\/uploads\/2016\/10\/cropped-pix_logo_bez_tla-copy-e1589265930442-192x192.png 192w, https:\/\/pix.house\/wp-content\/uploads\/2016\/10\/cropped-pix_logo_bez_tla-copy-e1589265930442-180x180.png 180w, https:\/\/pix.house\/wp-content\/uploads\/2016\/10\/cropped-pix_logo_bez_tla-copy-e1589265930442-32x32.png 32w, https:\/\/pix.house\/wp-content\/uploads\/2016\/10\/cropped-pix_logo_bez_tla-copy-e1589265930442.png 512w\" sizes=\"auto, (max-width: 150px) 100vw, 150px\" \/><\/p>\n<p>&nbsp;<\/p>\n<p>&nbsp;<\/p>\n<p>&nbsp;<\/p>\n<p>&nbsp;<\/p>\n<p>&nbsp;<\/p>\n<p>&nbsp;<\/p>\n<p><strong>Dzi\u0119ki wsparciu:\u00a0<\/strong><\/p>\n<p style=\"text-align: left;\"><img loading=\"lazy\" decoding=\"async\" class=\"alignnone wp-image-30064\" src=\"https:\/\/pix.house\/wp-content\/uploads\/2019\/11\/LOGO_POZnan_PL_RGB_PNG-e1605284264424-300x87.png\" alt=\"\" width=\"166\" height=\"48\" srcset=\"https:\/\/pix.house\/wp-content\/uploads\/2019\/11\/LOGO_POZnan_PL_RGB_PNG-e1605284264424-300x87.png 300w, https:\/\/pix.house\/wp-content\/uploads\/2019\/11\/LOGO_POZnan_PL_RGB_PNG-e1605284264424-700x204.png 700w, https:\/\/pix.house\/wp-content\/uploads\/2019\/11\/LOGO_POZnan_PL_RGB_PNG-e1605284264424.png 739w\" sizes=\"auto, (max-width: 166px) 100vw, 166px\" \/><\/p>\n<p>&nbsp;<\/p>\n<p><strong>Patronat:\u00a0<\/strong><\/p>\n<p><img loading=\"lazy\" decoding=\"async\" class=\"alignnone wp-image-40007\" src=\"https:\/\/pix.house\/wp-content\/uploads\/2026\/03\/1-DESIGN-DOC-LOGO--300x43.jpg\" alt=\"\" width=\"209\" height=\"30\" srcset=\"https:\/\/pix.house\/wp-content\/uploads\/2026\/03\/1-DESIGN-DOC-LOGO--300x43.jpg 300w, https:\/\/pix.house\/wp-content\/uploads\/2026\/03\/1-DESIGN-DOC-LOGO--768x110.jpg 768w, https:\/\/pix.house\/wp-content\/uploads\/2026\/03\/1-DESIGN-DOC-LOGO--18x3.jpg 18w, https:\/\/pix.house\/wp-content\/uploads\/2026\/03\/1-DESIGN-DOC-LOGO--700x100.jpg 700w, https:\/\/pix.house\/wp-content\/uploads\/2026\/03\/1-DESIGN-DOC-LOGO--800x114.jpg 800w, https:\/\/pix.house\/wp-content\/uploads\/2026\/03\/1-DESIGN-DOC-LOGO-.jpg 1000w\" sizes=\"auto, (max-width: 209px) 100vw, 209px\" \/><\/p>\n<p><img loading=\"lazy\" decoding=\"async\" class=\"alignleft wp-image-40008\" src=\"https:\/\/pix.house\/wp-content\/uploads\/2026\/03\/logo_Forum_2014_greyscale-e1773583246649-300x152.jpg\" alt=\"\" width=\"176\" height=\"89\" srcset=\"https:\/\/pix.house\/wp-content\/uploads\/2026\/03\/logo_Forum_2014_greyscale-e1773583246649-300x152.jpg 300w, https:\/\/pix.house\/wp-content\/uploads\/2026\/03\/logo_Forum_2014_greyscale-e1773583246649-768x388.jpg 768w, https:\/\/pix.house\/wp-content\/uploads\/2026\/03\/logo_Forum_2014_greyscale-e1773583246649-18x9.jpg 18w, https:\/\/pix.house\/wp-content\/uploads\/2026\/03\/logo_Forum_2014_greyscale-e1773583246649-700x354.jpg 700w, https:\/\/pix.house\/wp-content\/uploads\/2026\/03\/logo_Forum_2014_greyscale-e1773583246649-800x404.jpg 800w, https:\/\/pix.house\/wp-content\/uploads\/2026\/03\/logo_Forum_2014_greyscale-e1773583246649.jpg 890w\" sizes=\"auto, (max-width: 176px) 100vw, 176px\" \/><\/p>\n<p>&nbsp;<\/p>\n<p>&nbsp;<\/p>\n<p>&nbsp;<\/p>\n<p>&nbsp;<\/p>\n<p style=\"text-align: left;\"><strong>Patronat medialny:\u00a0<\/strong><\/p>\n<p style=\"text-align: left;\"><img loading=\"lazy\" decoding=\"async\" class=\"alignnone wp-image-37455\" src=\"https:\/\/pix.house\/wp-content\/uploads\/2024\/02\/logo_KF-e1707987928608-300x95.png\" alt=\"\" width=\"167\" height=\"53\" srcset=\"https:\/\/pix.house\/wp-content\/uploads\/2024\/02\/logo_KF-e1707987928608-300x95.png 300w, https:\/\/pix.house\/wp-content\/uploads\/2024\/02\/logo_KF-e1707987928608-700x222.png 700w, https:\/\/pix.house\/wp-content\/uploads\/2024\/02\/logo_KF-e1707987928608.png 702w\" sizes=\"auto, (max-width: 167px) 100vw, 167px\" \/><\/p>\n<p>&nbsp;<\/p>\n<p><strong>Identyfikacja wizualna: <\/strong><\/p>\n<p><strong><br \/>\n<img loading=\"lazy\" decoding=\"async\" class=\"alignnone wp-image-39088\" src=\"https:\/\/pix.house\/wp-content\/uploads\/2025\/08\/438108031_972772354851058_4211251723895951916_n-e1762609635723-262x300.jpg\" alt=\"\" width=\"81\" height=\"93\" srcset=\"https:\/\/pix.house\/wp-content\/uploads\/2025\/08\/438108031_972772354851058_4211251723895951916_n-e1762609635723-262x300.jpg 262w, https:\/\/pix.house\/wp-content\/uploads\/2025\/08\/438108031_972772354851058_4211251723895951916_n-e1762609635723-10x12.jpg 10w, https:\/\/pix.house\/wp-content\/uploads\/2025\/08\/438108031_972772354851058_4211251723895951916_n-e1762609635723.jpg 440w\" sizes=\"auto, (max-width: 81px) 100vw, 81px\" \/><br \/>\n<\/strong><\/p>\n<p><strong><a href=\"https:\/\/dobosz.studio\/\">dobosz.studio<\/a>\u00a0<\/strong><\/p>\n<\/div>","protected":false},"excerpt":{"rendered":"<p>Serdecznie zapraszamy na wystaw\u0119 Stanis\u0142awa Cioka. &nbsp; Miejsce: galeria Pix.house, ul. G\u0142ogowska 35A, Pozna\u0144 Wernisa\u017c: 20.03.2026 (pi\u0105tek) | godz. 18:00 Wystawa trwa do: 11.04.2026 Galeria czynna w dniach: \u015broda (17:00 \u2013 20:00) oraz sobota (11:00 \u2013 15:00) wst\u0119p wolny &nbsp; &nbsp; &nbsp; O wystawie: &nbsp;&#8230;<\/p>","protected":false},"author":11,"featured_media":40017,"comment_status":"closed","ping_status":"closed","sticky":false,"template":"","format":"standard","meta":{"_monsterinsights_skip_tracking":false,"_monsterinsights_sitenote_active":false,"_monsterinsights_sitenote_note":"","_monsterinsights_sitenote_category":0,"footnotes":""},"categories":[47],"tags":[],"class_list":["post-40005","post","type-post","status-publish","format-standard","has-post-thumbnail","hentry","category-wystawy"],"_links":{"self":[{"href":"https:\/\/pix.house\/en\/wp-json\/wp\/v2\/posts\/40005","targetHints":{"allow":["GET"]}}],"collection":[{"href":"https:\/\/pix.house\/en\/wp-json\/wp\/v2\/posts"}],"about":[{"href":"https:\/\/pix.house\/en\/wp-json\/wp\/v2\/types\/post"}],"author":[{"embeddable":true,"href":"https:\/\/pix.house\/en\/wp-json\/wp\/v2\/users\/11"}],"replies":[{"embeddable":true,"href":"https:\/\/pix.house\/en\/wp-json\/wp\/v2\/comments?post=40005"}],"version-history":[{"count":7,"href":"https:\/\/pix.house\/en\/wp-json\/wp\/v2\/posts\/40005\/revisions"}],"predecessor-version":[{"id":40030,"href":"https:\/\/pix.house\/en\/wp-json\/wp\/v2\/posts\/40005\/revisions\/40030"}],"wp:featuredmedia":[{"embeddable":true,"href":"https:\/\/pix.house\/en\/wp-json\/wp\/v2\/media\/40017"}],"wp:attachment":[{"href":"https:\/\/pix.house\/en\/wp-json\/wp\/v2\/media?parent=40005"}],"wp:term":[{"taxonomy":"category","embeddable":true,"href":"https:\/\/pix.house\/en\/wp-json\/wp\/v2\/categories?post=40005"},{"taxonomy":"post_tag","embeddable":true,"href":"https:\/\/pix.house\/en\/wp-json\/wp\/v2\/tags?post=40005"}],"curies":[{"name":"wp","href":"https:\/\/api.w.org\/{rel}","templated":true}]}}